{"id":112458,"date":"2025-07-29T19:46:53","date_gmt":"2025-07-29T19:46:53","guid":{"rendered":"http:\/\/noticiastelered.com\/PortalDNoticias\/?p=112458"},"modified":"2025-07-29T19:47:46","modified_gmt":"2025-07-29T19:47:46","slug":"victima-de-robo-por-militares-exige-justicia-y-teme-represalias-en-nuevo-laredo","status":"publish","type":"post","link":"http:\/\/noticiastelered.com\/PortalDNoticias\/victima-de-robo-por-militares-exige-justicia-y-teme-represalias-en-nuevo-laredo\/","title":{"rendered":"V\u00edctima de robo por militares exige justicia y teme represalias en Nuevo Laredo"},"content":{"rendered":"\n<p><\/p>\n\n\n\n<p>El Coronel David Gonz\u00e1lez Carrasco, comandante del 16 Regimiento de Caballer\u00eda Motorizada, incumpli\u00f3 con su palabra y no pago el dinero robado por sus subalternos. Exige se quiten los videos de Facebook, los que ya est\u00e1n siendo denunciados a trav\u00e9s de cuentas falsas<\/p>\n\n\n\n<p>Nuevo Laredo, Tamaulipas, 29 de julio de 2025 .\u2014 Tres d\u00edas han pasado desde que Miguel R\u00edos Garc\u00eda, comerciante local, denunci\u00f3 v\u00eda redes sociales que elementos del Ej\u00e9rcito Mexicano le robaron a su hijo y a dos empleados, 50 mil pesos en efectivo, mil d\u00f3lares y varios tel\u00e9fonos celulares, durante una revisi\u00f3n de rutina realizada la noche del viernes 25 de julio, y solo le devuelto parte del dinero, mientras que el resto qued\u00f3 condicionado a una negociaci\u00f3n informal con el mando militar.<\/p>\n\n\n\n<p>\u201cMe regresaron mil d\u00f3lares y dos mil pesos, la otra parte dijeron que el s\u00e1bado, pero luego que hasta el lunes. El coronel (David Gonz\u00e1lez Carrasco, comandante del 16 Regimiento de Caballer\u00eda Motorizada) se comprometi\u00f3 a regresar todo, al menos reconocieron que s\u00ed nos lo robaron\u201d, dijo R\u00edos Garc\u00eda en entrevista.<\/p>\n\n\n\n<p>Hasta la tarde del martes, no le hab\u00edan entregado los restantes 48 mil pesos. Los videos de Facebook de la persecuci\u00f3n est\u00e1n siendo denunciado a trav\u00e9s de perfiles falsos por personal militar y ha recibido amenazas.<\/p>\n\n\n\n<p>Hasta el momento, no se le ha informado de ninguna sanci\u00f3n administrativa ni proceso disciplinario contra los militares que participaron en los hechos, pertenecientes al 16\u00ba Regimiento de Caballer\u00eda Motorizada. Tampoco se ha formalizado la reparaci\u00f3n de da\u00f1os a su veh\u00edculo, el cual result\u00f3 afectado durante una persecuci\u00f3n de m\u00e1s de tres horas por distintas calles de la ciudad.<\/p>\n\n\n\n<p>Los hechos se viralizaron en redes sociales cuando R\u00edos Garc\u00eda transmiti\u00f3 en vivo la persecuci\u00f3n de un convoy militar que hu\u00eda tras cometer el robo. La unidad del denunciante \u2014una camioneta con mercanc\u00eda\u2014 fue chocada por los militares, y al menos otros dos veh\u00edculos civiles tambi\u00e9n resultaron da\u00f1ados, entre ellos un taxi y una camioneta estacionada.<\/p>\n\n\n\n<p>\u201cLos soldados se fueron en sentido contrario, iban muy r\u00e1pido, chocaron varios carros y no se pararon. Hay videos donde se ve c\u00f3mo impactaron una troca caf\u00e9\u201d, narr\u00f3 el afectado.<\/p>\n\n\n\n<p>La persecuci\u00f3n concluy\u00f3 cuando ciudadanos interceptaron a los militares en el bulevar Adolfo Ruiz Cortines. Ah\u00ed, bajo presi\u00f3n social, los soldados devolvieron una parte del dinero y, de acuerdo con testigos, admitieron que el dinero ya hab\u00eda sido repartido entre los integrantes del convoy.<\/p>\n\n\n\n<p>El comerciante tambi\u00e9n denunci\u00f3 haber recibido amenazas por parte de los militares, dirigidas a su hijo y a sus trabajadores. Asegura que fueron advertidos de que podr\u00edan ser \u201clevantados\u201d o inculpados con cargos falsos si continuaban denunciando.<\/p>\n\n\n\n<p>\u201cS\u00ed tengo miedo, lo dije frente al coronel: si algo me pasa a m\u00ed, a mi familia o a mis trabajadores, ellos son los responsables. Amenazaron a mi hijo, dijeron que lo iban a empapelar\u201d, afirm\u00f3.<\/p>\n\n\n\n<p>Hasta el momento, la Secretar\u00eda de la Defensa Nacional (SEDENA) no ha emitido ning\u00fan comunicado oficial respecto al caso. Organizaciones locales y nacionales de derechos humanos han manifestado preocupaci\u00f3n por la falta de transparencia y han solicitado que se garantice la seguridad de la v\u00edctima y se castigue a los responsables.<\/p>\n\n\n\n<p>Los hechos ocurren en un contexto de creciente tensi\u00f3n entre la poblaci\u00f3n civil y las fuerzas armadas desplegadas en la regi\u00f3n fronteriza, donde se han documentado m\u00faltiples denuncias por abusos de autoridad.<\/p>\n\n\n\n<p>El incidente involucra a personal del Ej\u00e9rcito Mexicano asignado a operativos de seguridad en Nuevo Laredo, una ciudad con alta presencia militar. El convoy se\u00f1alado incluye al menos tres unidades: un veh\u00edculo blindado y dos camionetas con matr\u00edcula 0916339 y 0916549.<\/p>\n\n\n\n<p>De confirmarse la participaci\u00f3n directa del personal militar en el robo y las amenazas, se configurar\u00eda una grave violaci\u00f3n a los derechos humanos y a la disciplina castrense, al tiempo que se exigir\u00eda la actuaci\u00f3n de la Fiscal\u00eda General de la Rep\u00fablica y de la Comisi\u00f3n Nacional de los Derechos Humanos.<\/p>\n\n\n\n<h1 class=\"wp-block-heading\"><\/h1>\n\n\n\n\n\nComposite Start &#8211;><\/p>\n<div id=\"M240110ScriptRootC290005\">\n<div id=\"M240110PreloadC290005\"> Loading&#8230;<\/div>\n<p><script> (function(){ var D=new Date(),d=document,b='body',ce='createElement',ac='appendChild',st='style',ds='display',n='none',gi='getElementById',lp=d.location.protocol,wp=lp.indexOf('http')==0?lp:'https:'; var i=d[ce]('iframe');i[st][ds]=n;d[gi](\"M240110ScriptRootC290005\")[ac](i);try{var iw=i.contentWindow.document;iw.open();iw.writeln(\"<ht\"+\"ml><bo\"+\"dy><\/bo\"+\"dy><\/ht\"+\"ml>\");iw.close();var c=iw[b];} catch(e){var iw=d;var c=d[gi](\"M240110ScriptRootC290005\");}var dv=iw[ce]('div');dv.id=\"MG_ID\";dv[st][ds]=n;dv.innerHTML=290005;c[ac](dv); var s=iw[ce]('script');s.async='async';s.defer='defer';s.charset='utf-8';s.src=wp+\"\/\/jsc.mgid.com\/n\/o\/noticiastelered.com.290005.js?t=\"+D.getYear()+D.getMonth()+D.getUTCDate()+D.getUTCHours();c[ac](s);})(); <\/script><\/p>\n<\/div>\n<p><!-- Composite End --><\/p>","protected":false},"excerpt":{"rendered":"<p>El Coronel David Gonz\u00e1lez Carrasco, comandante del 16 Regimiento de Caballer\u00eda Motorizada, incumpli\u00f3 con su palabra y no pago el dinero robado por sus subalternos. Exige se quiten los videos de Facebook, los que ya est\u00e1n siendo denunciados a trav\u00e9s [&hellip;]<\/p>\n","protected":false},"author":2,"featured_media":112457,"comment_status":"closed","ping_status":"open","sticky":false,"template":"","format":"standard","meta":[],"categories":[77],"tags":[],"_links":{"self":[{"href":"http:\/\/noticiastelered.com\/PortalDNoticias\/wp-json\/wp\/v2\/posts\/112458"}],"collection":[{"href":"http:\/\/noticiastelered.com\/PortalDNoticias\/wp-json\/wp\/v2\/posts"}],"about":[{"href":"http:\/\/noticiastelered.com\/PortalDNoticias\/wp-json\/wp\/v2\/types\/post"}],"author":[{"embeddable":true,"href":"http:\/\/noticiastelered.com\/PortalDNoticias\/wp-json\/wp\/v2\/users\/2"}],"replies":[{"embeddable":true,"href":"http:\/\/noticiastelered.com\/PortalDNoticias\/wp-json\/wp\/v2\/comments?post=112458"}],"version-history":[{"count":2,"href":"http:\/\/noticiastelered.com\/PortalDNoticias\/wp-json\/wp\/v2\/posts\/112458\/revisions"}],"predecessor-version":[{"id":112460,"href":"http:\/\/noticiastelered.com\/PortalDNoticias\/wp-json\/wp\/v2\/posts\/112458\/revisions\/112460"}],"wp:featuredmedia":[{"embeddable":true,"href":"http:\/\/noticiastelered.com\/PortalDNoticias\/wp-json\/wp\/v2\/media\/112457"}],"wp:attachment":[{"href":"http:\/\/noticiastelered.com\/PortalDNoticias\/wp-json\/wp\/v2\/media?parent=112458"}],"wp:term":[{"taxonomy":"category","embeddable":true,"href":"http:\/\/noticiastelered.com\/PortalDNoticias\/wp-json\/wp\/v2\/categories?post=112458"},{"taxonomy":"post_tag","embeddable":true,"href":"http:\/\/noticiastelered.com\/PortalDNoticias\/wp-json\/wp\/v2\/tags?post=112458"}],"curies":[{"name":"wp","href":"https:\/\/api.w.org\/{rel}","templated":true}]}}