{"id":112440,"date":"2025-07-19T00:55:26","date_gmt":"2025-07-19T00:55:26","guid":{"rendered":"http:\/\/noticiastelered.com\/PortalDNoticias\/?p=112440"},"modified":"2025-07-19T00:55:26","modified_gmt":"2025-07-19T00:55:26","slug":"militares-provocan-nuevo-choque-en-colonia-hidalgo-circulaban-en-sentido-contrario","status":"publish","type":"post","link":"http:\/\/noticiastelered.com\/PortalDNoticias\/militares-provocan-nuevo-choque-en-colonia-hidalgo-circulaban-en-sentido-contrario\/","title":{"rendered":"Militares provocan nuevo choque en colonia Hidalgo; circulaban en sentido contrario"},"content":{"rendered":"\n<p><\/p>\n\n\n\n<p>Un nuevo percance vehicular protagonizado por elementos de la Secretar\u00eda de la Defensa Nacional (SEDENA) se registr\u00f3 la tarde del viernes, cuando una patrulla militar circulaba en sentido contrario y termin\u00f3 impactando a una camioneta particular en la colonia Hidalgo.<\/p>\n\n\n\n<p>El accidente ocurri\u00f3 en la intersecci\u00f3n de la avenida Salinas Puga y la calle Canales. Nayeli, de 29 a\u00f1os, conduc\u00eda una camioneta Ford Escape modelo 2014 con placas nacionales. Circulaba de norte a sur, hizo su alto correspondiente y al avanzar fue embestida por una camioneta Cheyenne modelo 2019 con matr\u00edcula militar 0916335, manejada por el soldado Juan Carlos, de 28 a\u00f1os, quien ven\u00eda en sentido contrario sobre la calle Canales.<\/p>\n\n\n\n<p>Tras el impacto, personal de la SEDENA y la Guardia Nacional cerraron la vialidad durante m\u00e1s de dos horas, impidiendo el paso a vecinos del sector. La situaci\u00f3n gener\u00f3 molestia entre los residentes, quienes se\u00f1alaron que no es la primera vez que elementos militares provocan este tipo de situaciones.<\/p>\n\n\n\n<p>La empresa aseguradora de la patrulla militar otorg\u00f3 pase de reparaci\u00f3n para la unidad Ford Escape, as\u00ed como atenci\u00f3n m\u00e9dica en el hospital San Jos\u00e9, donde Nayeli fue atendida de las lesiones que presentaba.<\/p>\n\n\n\n<p>Este hecho se suma a una serie de accidentes similares en Nuevo Laredo donde han estado involucrados veh\u00edculos oficiales del Ej\u00e9rcito Mexicano. Vecinos y automovilistas coinciden en que los elementos militares suelen circular a exceso de velocidad, con luces apagadas durante la noche, sin respetar los se\u00f1alamientos viales y en ocasiones incluso en sentido contrario.<\/p>\n","protected":false},"excerpt":{"rendered":"<p>Un nuevo percance vehicular protagonizado por elementos de la Secretar\u00eda de la Defensa Nacional (SEDENA) se registr\u00f3 la tarde del viernes, cuando una patrulla militar circulaba en sentido contrario y termin\u00f3 impactando a una camioneta particular en la colonia Hidalgo. [&hellip;]<\/p>\n","protected":false},"author":2,"featured_media":112439,"comment_status":"closed","ping_status":"open","sticky":false,"template":"","format":"standard","meta":[],"categories":[77],"tags":[],"_links":{"self":[{"href":"http:\/\/noticiastelered.com\/PortalDNoticias\/wp-json\/wp\/v2\/posts\/112440"}],"collection":[{"href":"http:\/\/noticiastelered.com\/PortalDNoticias\/wp-json\/wp\/v2\/posts"}],"about":[{"href":"http:\/\/noticiastelered.com\/PortalDNoticias\/wp-json\/wp\/v2\/types\/post"}],"author":[{"embeddable":true,"href":"http:\/\/noticiastelered.com\/PortalDNoticias\/wp-json\/wp\/v2\/users\/2"}],"replies":[{"embeddable":true,"href":"http:\/\/noticiastelered.com\/PortalDNoticias\/wp-json\/wp\/v2\/comments?post=112440"}],"version-history":[{"count":1,"href":"http:\/\/noticiastelered.com\/PortalDNoticias\/wp-json\/wp\/v2\/posts\/112440\/revisions"}],"predecessor-version":[{"id":112441,"href":"http:\/\/noticiastelered.com\/PortalDNoticias\/wp-json\/wp\/v2\/posts\/112440\/revisions\/112441"}],"wp:featuredmedia":[{"embeddable":true,"href":"http:\/\/noticiastelered.com\/PortalDNoticias\/wp-json\/wp\/v2\/media\/112439"}],"wp:attachment":[{"href":"http:\/\/noticiastelered.com\/PortalDNoticias\/wp-json\/wp\/v2\/media?parent=112440"}],"wp:term":[{"taxonomy":"category","embeddable":true,"href":"http:\/\/noticiastelered.com\/PortalDNoticias\/wp-json\/wp\/v2\/categories?post=112440"},{"taxonomy":"post_tag","embeddable":true,"href":"http:\/\/noticiastelered.com\/PortalDNoticias\/wp-json\/wp\/v2\/tags?post=112440"}],"curies":[{"name":"wp","href":"https:\/\/api.w.org\/{rel}","templated":true}]}}