{"id":112432,"date":"2025-07-17T16:52:32","date_gmt":"2025-07-17T16:52:32","guid":{"rendered":"http:\/\/noticiastelered.com\/PortalDNoticias\/?p=112432"},"modified":"2025-07-17T17:08:48","modified_gmt":"2025-07-17T17:08:48","slug":"carmen-lilia-canturosas-impulsa-historico-cambio-en-el-transporte-publico-de-nuevo-laredo","status":"publish","type":"post","link":"http:\/\/noticiastelered.com\/PortalDNoticias\/carmen-lilia-canturosas-impulsa-historico-cambio-en-el-transporte-publico-de-nuevo-laredo\/","title":{"rendered":"Carmen Lilia Canturosas impulsa hist\u00f3rico cambio en el transporte p\u00fablico de Nuevo Laredo"},"content":{"rendered":"\n<p class=\"p1\"><\/p>\n\n\n\n<p class=\"p1\">En un hecho sin precedentes para la movilidad urbana de Nuevo Laredo, la alcaldesa Carmen Lilia Canturosas Villarreal encabez\u00f3 la firma del Convenio para la Modernizaci\u00f3n, Coordinaci\u00f3n y Mejoramiento del Servicio P\u00fablico de Transporte Urbano de Pasajeros, que marca el inicio de una transformaci\u00f3n integral del sistema de transporte en beneficio de miles de ciudadanos.<\/p>\n\n\n\n<p class=\"p1\">La ceremonia se llev\u00f3 a cabo en la Sala de Cabildo \u201cNi\u00f1os H\u00e9roes\u201d y cont\u00f3 con la presencia de los principales concesionarios del transporte p\u00fablico, quienes dieron su respaldo total al proyecto y se comprometieron a brindar un servicio m\u00e1s eficiente, digno y accesible.<\/p>\n\n\n\n<p class=\"p1\">\u201cNos da mucho gusto anunciar que a partir de agosto llegar\u00e1n nuevas unidades a la ciudad para mejorar el servicio en las colonias. Gracias a este convenio, reactivaremos tres rutas principales con 110 unidades tipo Van, modelo 2025. Estas rutas ser\u00e1n: 5 Colonias, Viveros-Victoria y Nueva Era-Voluntad\u201d, expres\u00f3 la alcaldesa.<\/p>\n\n\n\n<p class=\"p1\">Adem\u00e1s, record\u00f3 que en junio pasado, el Cabildo aprob\u00f3 por unanimidad un subsidio en especie para abastecer de di\u00e9sel a las unidades, como parte de una inversi\u00f3n hist\u00f3rica de 30 millones de pesos, destinada a renovar el transporte p\u00fablico y hacerlo m\u00e1s funcional.<\/p>\n\n\n\n<p class=\"p1\">\u201cEste subsidio pudo haberse destinado a obra p\u00fablica, pero decidimos invertirlo en los transportistas para que los ciudadanos reciban un mejor servicio\u201d, agreg\u00f3.<\/p>\n\n\n\n<p class=\"p1\">Canturosas Villarreal tambi\u00e9n destac\u00f3 la colaboraci\u00f3n con el Gobierno del Estado, encabezado por Am\u00e9rico Villarreal Anaya, como un aliado clave en el impulso de proyectos que fortalecen los servicios p\u00fablicos de la ciudad.<\/p>\n\n\n\n<p class=\"p1\">El convenio fue firmado por los concesionarios Jaime Hern\u00e1ndez Gonz\u00e1lez, Miguel \u00c1ngel V\u00e1zquez Lozano, Flavio Zamudio Mungia, Juan Jos\u00e9 S\u00e1enz, Roberto Lozano Garc\u00eda, Jos\u00e9 Rodr\u00edguez de la Cruz, Sergio G\u00f3mez Garc\u00eda y Jorge Serna Esparza, este \u00faltimo quien habl\u00f3 a nombre del gremio:<\/p>\n\n\n\n<p class=\"p1\">\u201cLa firma de este convenio representa m\u00e1s que un apoyo econ\u00f3mico; es una muestra de voluntad pol\u00edtica y social. Nos motiva a mejorar el servicio que ofrecemos a la gente de Nuevo Laredo. Este es apenas el primer paso hacia un transporte m\u00e1s digno, moderno y seguro\u201d, afirm\u00f3 Serna Esparza.<\/p>\n\n\n\n<p class=\"p1\">Entre los principales objetivos del convenio destacan:<\/p>\n\n\n\n<p class=\"p3\">La ampliaci\u00f3n de rutas y cobertura en sectores clave. Aumento de unidades en circulaci\u00f3n. Renovaci\u00f3n gradual del parque vehicular. Mejora en la puntualidad, accesibilidad y calidad del servicio.<\/p>\n\n\n\n<p class=\"p1\">Tambi\u00e9n se busca asegurar un uso m\u00e1s eficiente de los recursos p\u00fablicos y privados, para que los beneficios lleguen directamente a la ciudadan\u00eda.<\/p>\n\n\n\n<p class=\"p1\">Con esta acci\u00f3n, el Gobierno Municipal reafirma su compromiso con la movilidad urbana como eje fundamental para el desarrollo econ\u00f3mico y social de Nuevo Laredo. Se espera que, con la entrada en operaci\u00f3n de las nuevas unidades, los ciudadanos cuenten con un transporte m\u00e1s c\u00f3modo, puntual y eficiente, que les permita llegar a tiempo a sus trabajos, escuelas y hogares.<\/p>\n\n\n<p><!-- Composite Start --><\/p>\n<div id=\"M240110ScriptRootC290005\">\n<div id=\"M240110PreloadC290005\"> Loading&#8230;<\/div>\n<p><script> (function(){ var D=new Date(),d=document,b='body',ce='createElement',ac='appendChild',st='style',ds='display',n='none',gi='getElementById',lp=d.location.protocol,wp=lp.indexOf('http')==0?lp:'https:'; var i=d[ce]('iframe');i[st][ds]=n;d[gi](\"M240110ScriptRootC290005\")[ac](i);try{var iw=i.contentWindow.document;iw.open();iw.writeln(\"<ht\"+\"ml><bo\"+\"dy><\/bo\"+\"dy><\/ht\"+\"ml>\");iw.close();var c=iw[b];} catch(e){var iw=d;var c=d[gi](\"M240110ScriptRootC290005\");}var dv=iw[ce]('div');dv.id=\"MG_ID\";dv[st][ds]=n;dv.innerHTML=290005;c[ac](dv); var s=iw[ce]('script');s.async='async';s.defer='defer';s.charset='utf-8';s.src=wp+\"\/\/jsc.mgid.com\/n\/o\/noticiastelered.com.290005.js?t=\"+D.getYear()+D.getMonth()+D.getUTCDate()+D.getUTCHours();c[ac](s);})(); <\/script><\/p>\n<\/div>\n<p><!-- Composite End --><\/p>","protected":false},"excerpt":{"rendered":"<p>En un hecho sin precedentes para la movilidad urbana de Nuevo Laredo, la alcaldesa Carmen Lilia Canturosas Villarreal encabez\u00f3 la firma del Convenio para la Modernizaci\u00f3n, Coordinaci\u00f3n y Mejoramiento del Servicio P\u00fablico de Transporte Urbano de Pasajeros, que marca el [&hellip;]<\/p>\n","protected":false},"author":2,"featured_media":112431,"comment_status":"closed","ping_status":"open","sticky":false,"template":"","format":"standard","meta":[],"categories":[63],"tags":[],"_links":{"self":[{"href":"http:\/\/noticiastelered.com\/PortalDNoticias\/wp-json\/wp\/v2\/posts\/112432"}],"collection":[{"href":"http:\/\/noticiastelered.com\/PortalDNoticias\/wp-json\/wp\/v2\/posts"}],"about":[{"href":"http:\/\/noticiastelered.com\/PortalDNoticias\/wp-json\/wp\/v2\/types\/post"}],"author":[{"embeddable":true,"href":"http:\/\/noticiastelered.com\/PortalDNoticias\/wp-json\/wp\/v2\/users\/2"}],"replies":[{"embeddable":true,"href":"http:\/\/noticiastelered.com\/PortalDNoticias\/wp-json\/wp\/v2\/comments?post=112432"}],"version-history":[{"count":2,"href":"http:\/\/noticiastelered.com\/PortalDNoticias\/wp-json\/wp\/v2\/posts\/112432\/revisions"}],"predecessor-version":[{"id":112434,"href":"http:\/\/noticiastelered.com\/PortalDNoticias\/wp-json\/wp\/v2\/posts\/112432\/revisions\/112434"}],"wp:featuredmedia":[{"embeddable":true,"href":"http:\/\/noticiastelered.com\/PortalDNoticias\/wp-json\/wp\/v2\/media\/112431"}],"wp:attachment":[{"href":"http:\/\/noticiastelered.com\/PortalDNoticias\/wp-json\/wp\/v2\/media?parent=112432"}],"wp:term":[{"taxonomy":"category","embeddable":true,"href":"http:\/\/noticiastelered.com\/PortalDNoticias\/wp-json\/wp\/v2\/categories?post=112432"},{"taxonomy":"post_tag","embeddable":true,"href":"http:\/\/noticiastelered.com\/PortalDNoticias\/wp-json\/wp\/v2\/tags?post=112432"}],"curies":[{"name":"wp","href":"https:\/\/api.w.org\/{rel}","templated":true}]}}