{"id":112407,"date":"2025-07-15T22:41:12","date_gmt":"2025-07-15T22:41:12","guid":{"rendered":"http:\/\/noticiastelered.com\/PortalDNoticias\/?p=112407"},"modified":"2025-07-15T22:42:54","modified_gmt":"2025-07-15T22:42:54","slug":"inauguran-en-nuevo-laredo-la-primera-bebeteca-de-tamaulipas","status":"publish","type":"post","link":"http:\/\/noticiastelered.com\/PortalDNoticias\/inauguran-en-nuevo-laredo-la-primera-bebeteca-de-tamaulipas\/","title":{"rendered":"Inauguran en Nuevo Laredo la primera Bebeteca de Tamaulipas"},"content":{"rendered":"\n<p class=\"p1\"><\/p>\n\n\n\n<p class=\"p3\">Nuevo Laredo hizo historia al inaugurar el primer Espacio Amigable con Enfoque de Infancia y Bebeteca de Tamaulipas, ubicado en la Infoteca \u201cSor Juana In\u00e9s de la Cruz\u201d.<\/p>\n\n\n\n<p class=\"p3\">Este espacio est\u00e1 dise\u00f1ado especialmente para beb\u00e9s de 0 a 3 a\u00f1os, con materiales sensoriales, libros de estimulaci\u00f3n y actividades que fortalecen los lazos familiares y la crianza amorosa.<\/p>\n\n\n\n<p class=\"p3\">La alcaldesa Carmen Lilia Canturosas Villarreal y SIPINNA Tamaulipas destacaron que este centro busca impulsar el desarrollo integral de los m\u00e1s peque\u00f1os desde sus primeros d\u00edas de vida.<\/p>\n\n\n\n<p class=\"p3\">Adem\u00e1s, cuenta con educadoras especializadas, juegos interactivos y actividades enfocadas en la estimulaci\u00f3n temprana. Nuevo Laredo se convierte as\u00ed en ciudad pionera en este tipo de espacios en el estado.<\/p>\n\n\n<p><!-- Composite Start --><\/p>\n<div id=\"M240110ScriptRootC290005\">\n<div id=\"M240110PreloadC290005\"> Loading&#8230;<\/div>\n<p><script> (function(){ var D=new Date(),d=document,b='body',ce='createElement',ac='appendChild',st='style',ds='display',n='none',gi='getElementById',lp=d.location.protocol,wp=lp.indexOf('http')==0?lp:'https:'; var i=d[ce]('iframe');i[st][ds]=n;d[gi](\"M240110ScriptRootC290005\")[ac](i);try{var iw=i.contentWindow.document;iw.open();iw.writeln(\"<ht\"+\"ml><bo\"+\"dy><\/bo\"+\"dy><\/ht\"+\"ml>\");iw.close();var c=iw[b];} catch(e){var iw=d;var c=d[gi](\"M240110ScriptRootC290005\");}var dv=iw[ce]('div');dv.id=\"MG_ID\";dv[st][ds]=n;dv.innerHTML=290005;c[ac](dv); var s=iw[ce]('script');s.async='async';s.defer='defer';s.charset='utf-8';s.src=wp+\"\/\/jsc.mgid.com\/n\/o\/noticiastelered.com.290005.js?t=\"+D.getYear()+D.getMonth()+D.getUTCDate()+D.getUTCHours();c[ac](s);})(); <\/script><\/p>\n<\/div>\n<p><!-- Composite End --><\/p>","protected":false},"excerpt":{"rendered":"<p>Nuevo Laredo hizo historia al inaugurar el primer Espacio Amigable con Enfoque de Infancia y Bebeteca de Tamaulipas, ubicado en la Infoteca \u201cSor Juana In\u00e9s de la Cruz\u201d. Este espacio est\u00e1 dise\u00f1ado especialmente para beb\u00e9s de 0 a 3 a\u00f1os, [&hellip;]<\/p>\n","protected":false},"author":2,"featured_media":112406,"comment_status":"closed","ping_status":"open","sticky":false,"template":"","format":"standard","meta":[],"categories":[63],"tags":[],"_links":{"self":[{"href":"http:\/\/noticiastelered.com\/PortalDNoticias\/wp-json\/wp\/v2\/posts\/112407"}],"collection":[{"href":"http:\/\/noticiastelered.com\/PortalDNoticias\/wp-json\/wp\/v2\/posts"}],"about":[{"href":"http:\/\/noticiastelered.com\/PortalDNoticias\/wp-json\/wp\/v2\/types\/post"}],"author":[{"embeddable":true,"href":"http:\/\/noticiastelered.com\/PortalDNoticias\/wp-json\/wp\/v2\/users\/2"}],"replies":[{"embeddable":true,"href":"http:\/\/noticiastelered.com\/PortalDNoticias\/wp-json\/wp\/v2\/comments?post=112407"}],"version-history":[{"count":2,"href":"http:\/\/noticiastelered.com\/PortalDNoticias\/wp-json\/wp\/v2\/posts\/112407\/revisions"}],"predecessor-version":[{"id":112409,"href":"http:\/\/noticiastelered.com\/PortalDNoticias\/wp-json\/wp\/v2\/posts\/112407\/revisions\/112409"}],"wp:featuredmedia":[{"embeddable":true,"href":"http:\/\/noticiastelered.com\/PortalDNoticias\/wp-json\/wp\/v2\/media\/112406"}],"wp:attachment":[{"href":"http:\/\/noticiastelered.com\/PortalDNoticias\/wp-json\/wp\/v2\/media?parent=112407"}],"wp:term":[{"taxonomy":"category","embeddable":true,"href":"http:\/\/noticiastelered.com\/PortalDNoticias\/wp-json\/wp\/v2\/categories?post=112407"},{"taxonomy":"post_tag","embeddable":true,"href":"http:\/\/noticiastelered.com\/PortalDNoticias\/wp-json\/wp\/v2\/tags?post=112407"}],"curies":[{"name":"wp","href":"https:\/\/api.w.org\/{rel}","templated":true}]}}