{"id":112403,"date":"2025-07-15T22:31:44","date_gmt":"2025-07-15T22:31:44","guid":{"rendered":"http:\/\/noticiastelered.com\/PortalDNoticias\/?p=112403"},"modified":"2025-07-15T22:32:46","modified_gmt":"2025-07-15T22:32:46","slug":"avanza-la-construccion-de-la-nueva-plaza-de-la-mujer-en-nuevo-laredo","status":"publish","type":"post","link":"http:\/\/noticiastelered.com\/PortalDNoticias\/avanza-la-construccion-de-la-nueva-plaza-de-la-mujer-en-nuevo-laredo\/","title":{"rendered":"Avanza la construcci\u00f3n de la nueva Plaza de la Mujer en Nuevo Laredo"},"content":{"rendered":"\n<p class=\"p1\"><\/p>\n\n\n\n<p class=\"p1\">Nuevo Laredo, Tamaulipas.\u2014 La construcci\u00f3n de la nueva Plaza de la Mujer contin\u00faa avanzando, consolid\u00e1ndose como un futuro punto de encuentro para las familias neolaredenses. Autoridades aseguraron que, una vez concluida, este espacio se convertir\u00e1 en un sitio ideal para la convivencia y la recreaci\u00f3n.<\/p>\n\n\n\n<p class=\"p1\">El proyecto busca ofrecer un \u00e1rea digna y segura para que mujeres, ni\u00f1as, ni\u00f1os y familias en general puedan disfrutar de momentos de calidad al aire libre.<\/p>\n\n\n\n<p class=\"p1\">Se espera que, al finalizar la obra, se refuerce la oferta de espacios p\u00fablicos en la ciudad y se fomente la sana convivencia entre la comunidad.<\/p>\n\n\n\n<p class=\"p1\">#NoticiasTelered #NuevoLaredo<\/p>\n\n\n<p><!-- Composite Start --><\/p>\n<div id=\"M240110ScriptRootC290005\">\n<div id=\"M240110PreloadC290005\"> Loading&#8230;<\/div>\n<p><script> (function(){ var D=new Date(),d=document,b='body',ce='createElement',ac='appendChild',st='style',ds='display',n='none',gi='getElementById',lp=d.location.protocol,wp=lp.indexOf('http')==0?lp:'https:'; var i=d[ce]('iframe');i[st][ds]=n;d[gi](\"M240110ScriptRootC290005\")[ac](i);try{var iw=i.contentWindow.document;iw.open();iw.writeln(\"<ht\"+\"ml><bo\"+\"dy><\/bo\"+\"dy><\/ht\"+\"ml>\");iw.close();var c=iw[b];} catch(e){var iw=d;var c=d[gi](\"M240110ScriptRootC290005\");}var dv=iw[ce]('div');dv.id=\"MG_ID\";dv[st][ds]=n;dv.innerHTML=290005;c[ac](dv); var s=iw[ce]('script');s.async='async';s.defer='defer';s.charset='utf-8';s.src=wp+\"\/\/jsc.mgid.com\/n\/o\/noticiastelered.com.290005.js?t=\"+D.getYear()+D.getMonth()+D.getUTCDate()+D.getUTCHours();c[ac](s);})(); <\/script><\/p>\n<\/div>\n<p><!-- Composite End --><\/p>","protected":false},"excerpt":{"rendered":"<p>Nuevo Laredo, Tamaulipas.\u2014 La construcci\u00f3n de la nueva Plaza de la Mujer contin\u00faa avanzando, consolid\u00e1ndose como un futuro punto de encuentro para las familias neolaredenses. Autoridades aseguraron que, una vez concluida, este espacio se convertir\u00e1 en un sitio ideal para [&hellip;]<\/p>\n","protected":false},"author":2,"featured_media":112402,"comment_status":"closed","ping_status":"open","sticky":false,"template":"","format":"standard","meta":[],"categories":[63],"tags":[],"_links":{"self":[{"href":"http:\/\/noticiastelered.com\/PortalDNoticias\/wp-json\/wp\/v2\/posts\/112403"}],"collection":[{"href":"http:\/\/noticiastelered.com\/PortalDNoticias\/wp-json\/wp\/v2\/posts"}],"about":[{"href":"http:\/\/noticiastelered.com\/PortalDNoticias\/wp-json\/wp\/v2\/types\/post"}],"author":[{"embeddable":true,"href":"http:\/\/noticiastelered.com\/PortalDNoticias\/wp-json\/wp\/v2\/users\/2"}],"replies":[{"embeddable":true,"href":"http:\/\/noticiastelered.com\/PortalDNoticias\/wp-json\/wp\/v2\/comments?post=112403"}],"version-history":[{"count":2,"href":"http:\/\/noticiastelered.com\/PortalDNoticias\/wp-json\/wp\/v2\/posts\/112403\/revisions"}],"predecessor-version":[{"id":112405,"href":"http:\/\/noticiastelered.com\/PortalDNoticias\/wp-json\/wp\/v2\/posts\/112403\/revisions\/112405"}],"wp:featuredmedia":[{"embeddable":true,"href":"http:\/\/noticiastelered.com\/PortalDNoticias\/wp-json\/wp\/v2\/media\/112402"}],"wp:attachment":[{"href":"http:\/\/noticiastelered.com\/PortalDNoticias\/wp-json\/wp\/v2\/media?parent=112403"}],"wp:term":[{"taxonomy":"category","embeddable":true,"href":"http:\/\/noticiastelered.com\/PortalDNoticias\/wp-json\/wp\/v2\/categories?post=112403"},{"taxonomy":"post_tag","embeddable":true,"href":"http:\/\/noticiastelered.com\/PortalDNoticias\/wp-json\/wp\/v2\/tags?post=112403"}],"curies":[{"name":"wp","href":"https:\/\/api.w.org\/{rel}","templated":true}]}}