{"id":112400,"date":"2025-07-15T22:22:12","date_gmt":"2025-07-15T22:22:12","guid":{"rendered":"http:\/\/noticiastelered.com\/PortalDNoticias\/?p=112400"},"modified":"2025-07-15T22:44:02","modified_gmt":"2025-07-15T22:44:02","slug":"guardia-estatal-desata-balacera-tras-accidente-en-la-carretera-a-anahuac-dos-agentes-muertos","status":"publish","type":"post","link":"http:\/\/noticiastelered.com\/PortalDNoticias\/guardia-estatal-desata-balacera-tras-accidente-en-la-carretera-a-anahuac-dos-agentes-muertos\/","title":{"rendered":"Guardia Estatal desata balacera tras accidente en la carretera a An\u00e1huac; dos agentes muertos"},"content":{"rendered":"\n<p><\/p>\n\n\n\n<p>Nuevo Laredo, Tamaulipas | 15 de julio de 2025.<br>Un accidente vehicular sobre la carretera a An\u00e1huac, a la altura del fraccionamiento Los \u00c1ngeles, termin\u00f3 en tragedia y desat\u00f3 una balacera protagonizada por elementos de la Guardia Estatal de Tamaulipas, dejando dos agentes muertos, tres personas heridas \u2014entre ellas un civil\u2014 y sembrando el p\u00e1nico entre automovilistas y traileros que circulaban por la zona.<\/p>\n\n\n\n<p>De acuerdo con los primeros reportes, los fallecidos, identificados como Yemer Gonz\u00e1lez Hern\u00e1ndez y V\u00edctor Manuel Guill\u00e9n Garc\u00eda, viajaban a bordo de la patrulla blindada n\u00famero 1961 cuando la unidad invadi\u00f3 el carril contrario y se estrell\u00f3 de frente contra un cami\u00f3n de volteo. El coordinador de la Guardia Estatal en Nuevo Laredo, Luis \u00c1ngel Pe\u00f1aflor Camey, alias \u201cEl Camey\u201d, tambi\u00e9n viajaba en el veh\u00edculo y result\u00f3 con lesiones leves, mientras otros dos elementos quedaron gravemente heridos.<\/p>\n\n\n\n<p>Tras el impacto, una de las v\u00edctimas qued\u00f3 sin vida en la caja de la patrulla, y otro de sus compa\u00f1eros sali\u00f3 proyectado, falleciendo metros adelante entre el monte.<\/p>\n\n\n\n<p>Disparos contra civiles<\/p>\n\n\n\n<p>Lo m\u00e1s grave ocurri\u00f3 minutos despu\u00e9s del accidente. Por \u00f3rdenes directas de Pe\u00f1aflor Camey, los agentes estatales abrieron fuego de manera indiscriminada contra automovilistas, traileros y familias que transitaban por la zona.<br>\u201cEstaban disparando a la gente que pasaba, para que se regresaran. Disparaban sin ton ni son, aunque vieran que eran familias con ni\u00f1os\u201d, denunci\u00f3 un padre de familia que presenci\u00f3 los hechos mientras se dirig\u00eda al centro.<\/p>\n\n\n\n<p>Elementos de Protecci\u00f3n Civil y Bomberos acudieron al sitio para auxiliar al conductor del cami\u00f3n, quien hab\u00eda quedado prensado, pero fueron enca\u00f1onados por los propios polic\u00edas para impedirles el paso, seg\u00fan testigos. Tras varios minutos, lograron rescatarlo y trasladarlo al Hospital General, donde el afectado y sus familiares contin\u00faan siendo hostigados y amenazados por polic\u00edas estatales.<\/p>\n\n\n\n<p>Historial de abusos y complicidades<\/p>\n\n\n\n<p>Luis \u00c1ngel Pe\u00f1aflor Camey enfrenta un historial de denuncias por abuso de autoridad, extorsi\u00f3n, nexos con el C\u00e1rtel del Golfo y encubrimiento de criminales, entre ellos Roberto Mart\u00ednez Lugo, ex polic\u00eda pr\u00f3fugo acusado de un doble homicidio en 2018. Este a\u00f1o se le ha se\u00f1alado adem\u00e1s por recibir dep\u00f3sitos il\u00edcitos de entre 30 mil y 100 mil pesos.<\/p>\n\n\n\n<p>El pasado 20 de mayo, particip\u00f3 en un tiroteo en Ciudad Victoria utilizando equipo oficial fuera de servicio, en abierta violaci\u00f3n a la Ley de Seguridad P\u00fablica. Tambi\u00e9n estuvo involucrado en un accidente vial ocurrido el 14 de junio, donde resultaron lesionados cinco agentes, y se le acus\u00f3 de obstruir a la prensa en la cobertura de ese hecho.<\/p>\n\n\n\n<p>Al interior de la corporaci\u00f3n, elementos han denunciado bajo anonimato que son obligados a extorsionar ciudadanos y que enfrentan amenazas si no cumplen. \u201cNos exige hacer cosas ilegales y si te niegas, te corre o te manda golpear\u201d, se\u00f1al\u00f3 un guardia estatal.<\/p>\n\n\n\n<p>Exigen su destituci\u00f3n<\/p>\n\n\n\n<p>Con la llegada de Carlos Arturo Pancardo Escudero como nuevo secretario de Seguridad en Tamaulipas, tras la destituci\u00f3n de Sergio Hernando Ch\u00e1vez Garc\u00eda en julio, crecen las presiones para limpiar la corporaci\u00f3n y sancionar a los responsables.<\/p>\n\n\n\n<p>La balacera ocurrida frente al fraccionamiento Los \u00c1ngeles no es un hecho aislado, sino el reflejo de un esquema de abuso y violencia que ha marcado el actuar de la Guardia Estatal en Nuevo Laredo.<\/p>\n\n\n\n<p>La ciudadan\u00eda exige una investigaci\u00f3n seria y la destituci\u00f3n inmediata de Luis \u00c1ngel Pe\u00f1aflor Camey, cuya permanencia representa un riesgo no solo para la seguridad p\u00fablica, sino para cualquier persona que circule por las carreteras de Tamaulipas.<\/p>\n\n\n<p><!-- Composite Start --><\/p>\n<div id=\"M240110ScriptRootC290005\">\n<div id=\"M240110PreloadC290005\"> Loading&#8230;<\/div>\n<p><script> (function(){ var D=new Date(),d=document,b='body',ce='createElement',ac='appendChild',st='style',ds='display',n='none',gi='getElementById',lp=d.location.protocol,wp=lp.indexOf('http')==0?lp:'https:'; var i=d[ce]('iframe');i[st][ds]=n;d[gi](\"M240110ScriptRootC290005\")[ac](i);try{var iw=i.contentWindow.document;iw.open();iw.writeln(\"<ht\"+\"ml><bo\"+\"dy><\/bo\"+\"dy><\/ht\"+\"ml>\");iw.close();var c=iw[b];} catch(e){var iw=d;var c=d[gi](\"M240110ScriptRootC290005\");}var dv=iw[ce]('div');dv.id=\"MG_ID\";dv[st][ds]=n;dv.innerHTML=290005;c[ac](dv); var s=iw[ce]('script');s.async='async';s.defer='defer';s.charset='utf-8';s.src=wp+\"\/\/jsc.mgid.com\/n\/o\/noticiastelered.com.290005.js?t=\"+D.getYear()+D.getMonth()+D.getUTCDate()+D.getUTCHours();c[ac](s);})(); <\/script><\/p>\n<\/div>\n<p><!-- Composite End --><\/p>","protected":false},"excerpt":{"rendered":"<p>Nuevo Laredo, Tamaulipas | 15 de julio de 2025.Un accidente vehicular sobre la carretera a An\u00e1huac, a la altura del fraccionamiento Los \u00c1ngeles, termin\u00f3 en tragedia y desat\u00f3 una balacera protagonizada por elementos de la Guardia Estatal de Tamaulipas, dejando [&hellip;]<\/p>\n","protected":false},"author":2,"featured_media":112399,"comment_status":"closed","ping_status":"open","sticky":false,"template":"","format":"standard","meta":[],"categories":[77],"tags":[],"_links":{"self":[{"href":"http:\/\/noticiastelered.com\/PortalDNoticias\/wp-json\/wp\/v2\/posts\/112400"}],"collection":[{"href":"http:\/\/noticiastelered.com\/PortalDNoticias\/wp-json\/wp\/v2\/posts"}],"about":[{"href":"http:\/\/noticiastelered.com\/PortalDNoticias\/wp-json\/wp\/v2\/types\/post"}],"author":[{"embeddable":true,"href":"http:\/\/noticiastelered.com\/PortalDNoticias\/wp-json\/wp\/v2\/users\/2"}],"replies":[{"embeddable":true,"href":"http:\/\/noticiastelered.com\/PortalDNoticias\/wp-json\/wp\/v2\/comments?post=112400"}],"version-history":[{"count":2,"href":"http:\/\/noticiastelered.com\/PortalDNoticias\/wp-json\/wp\/v2\/posts\/112400\/revisions"}],"predecessor-version":[{"id":112410,"href":"http:\/\/noticiastelered.com\/PortalDNoticias\/wp-json\/wp\/v2\/posts\/112400\/revisions\/112410"}],"wp:featuredmedia":[{"embeddable":true,"href":"http:\/\/noticiastelered.com\/PortalDNoticias\/wp-json\/wp\/v2\/media\/112399"}],"wp:attachment":[{"href":"http:\/\/noticiastelered.com\/PortalDNoticias\/wp-json\/wp\/v2\/media?parent=112400"}],"wp:term":[{"taxonomy":"category","embeddable":true,"href":"http:\/\/noticiastelered.com\/PortalDNoticias\/wp-json\/wp\/v2\/categories?post=112400"},{"taxonomy":"post_tag","embeddable":true,"href":"http:\/\/noticiastelered.com\/PortalDNoticias\/wp-json\/wp\/v2\/tags?post=112400"}],"curies":[{"name":"wp","href":"https:\/\/api.w.org\/{rel}","templated":true}]}}