{"id":112350,"date":"2025-07-04T01:19:38","date_gmt":"2025-07-04T01:19:38","guid":{"rendered":"http:\/\/noticiastelered.com\/PortalDNoticias\/?p=112350"},"modified":"2025-07-04T01:19:38","modified_gmt":"2025-07-04T01:19:38","slug":"denuncia-a-elementos-de-la-guardia-estatal-por-robo-de-camioneta-y-sembrar-un-arma","status":"publish","type":"post","link":"http:\/\/noticiastelered.com\/PortalDNoticias\/denuncia-a-elementos-de-la-guardia-estatal-por-robo-de-camioneta-y-sembrar-un-arma\/","title":{"rendered":"Denuncia a elementos de la Guardia Estatal por robo de camioneta y \u201csembrar\u201d un arma"},"content":{"rendered":"\n<p><\/p>\n\n\n\n<p>Nuevo Laredo, Tamaulipas, 03 de julio de 2025.\u2014 Un ciudadano denunci\u00f3 un nuevo caso de abuso de autoridad por parte de elementos de la Guardia Estatal, quienes bajo el mando del coordinador Luis \u00c1ngel Pe\u00f1aflor Camey, alias El Camey, se han visto se\u00f1alados en reiteradas ocasiones por violaciones a los derechos de la ciudadan\u00eda. En esta ocasi\u00f3n, se acusa a los agentes de haber robado una camioneta particular y de haberle \u201csembrado\u201d un arma para justificar su puesta a disposici\u00f3n del Ministerio P\u00fablico de la Federaci\u00f3n.<\/p>\n\n\n\n<p>El afectado, H\u00e9ctor Hugo Saucedo Montalvo, de 40 a\u00f1os, relat\u00f3 que la noche del 2 de julio dej\u00f3 estacionada su camioneta Chevrolet Pick Up 2016 en el crucero de las calles Ensenada y Fresnillo en la colonia Los Fresnos, mientras visitaba a un familiar.<\/p>\n\n\n\n<p>Cerca de las 11:30 de la noche, escuch\u00f3 ruido y al salir encontr\u00f3 a varios polic\u00edas de la Guardia Estatal llev\u00e1ndose su veh\u00edculo. \u201cCorr\u00ed para decirles que era m\u00eda, pero me ignoraron, dijeron que tra\u00eda muleta y que la pondr\u00edan a disposici\u00f3n. Fue un abuso, me quitaron mi camioneta sin ning\u00fan motivo\u201d, denunci\u00f3.<\/p>\n\n\n\n<p>Al d\u00eda siguiente, H\u00e9ctor acudi\u00f3 a las instalaciones de la Guardia Estatal en busca de informaci\u00f3n, pero le informaron que no ten\u00edan ning\u00fan veh\u00edculo bajo su resguardo. \u201cMe fui al Ministerio P\u00fablico Federal, all\u00e1 por la tienda City Club, y ah\u00ed me dijeron que mi camioneta fue puesta a disposici\u00f3n porque los polic\u00edas aseguran que tra\u00eda un arma adentro, eso es mentira, es una camioneta familiar, yo no ando en cosas raras\u201d, acus\u00f3.<\/p>\n\n\n\n<p>Saucedo Montalvo present\u00f3 ante la Fiscal\u00eda General de Justicia de Tamaulipas el t\u00edtulo original de su veh\u00edculo y formaliz\u00f3 su denuncia. La dependencia inici\u00f3 la carpeta de investigaci\u00f3n NUC FGJT\/FD\/NUEVOLAREDO\/NLDO\/UGI3\/0026\/2025 en contra de los elementos involucrados, aunque el afectado teme que, como en otros casos, no haya justicia.<\/p>\n\n\n\n<p>Este hecho ha encendido nuevamente las alarmas sobre los abusos reiterados por parte de la Guardia Estatal en la ciudad, bajo la jefatura de \u201cEl Camey\u201d, quien ha sido se\u00f1alado en distintas ocasiones por permitir o encubrir actos de extorsi\u00f3n, robo, detenciones arbitrarias y uso excesivo de la fuerza.<\/p>\n\n\n\n<p>\u201cQuiero justicia. No solo me quitaron un veh\u00edculo, me trataron como delincuente cuando soy un ciudadano de trabajo. No es la primera vez que hacen esto. Ya estamos hartos de que la Guardia Estatal haga lo que quiere con la gente\u201d, expres\u00f3 Saucedo Montalvo, haciendo un llamado a otras posibles v\u00edctimas a no guardar silencio.<\/p>\n\n\n\n<h1 class=\"wp-block-heading\"><\/h1>\n","protected":false},"excerpt":{"rendered":"<p>Nuevo Laredo, Tamaulipas, 03 de julio de 2025.\u2014 Un ciudadano denunci\u00f3 un nuevo caso de abuso de autoridad por parte de elementos de la Guardia Estatal, quienes bajo el mando del coordinador Luis \u00c1ngel Pe\u00f1aflor Camey, alias El Camey, se [&hellip;]<\/p>\n","protected":false},"author":2,"featured_media":112349,"comment_status":"closed","ping_status":"open","sticky":false,"template":"","format":"standard","meta":[],"categories":[77],"tags":[],"_links":{"self":[{"href":"http:\/\/noticiastelered.com\/PortalDNoticias\/wp-json\/wp\/v2\/posts\/112350"}],"collection":[{"href":"http:\/\/noticiastelered.com\/PortalDNoticias\/wp-json\/wp\/v2\/posts"}],"about":[{"href":"http:\/\/noticiastelered.com\/PortalDNoticias\/wp-json\/wp\/v2\/types\/post"}],"author":[{"embeddable":true,"href":"http:\/\/noticiastelered.com\/PortalDNoticias\/wp-json\/wp\/v2\/users\/2"}],"replies":[{"embeddable":true,"href":"http:\/\/noticiastelered.com\/PortalDNoticias\/wp-json\/wp\/v2\/comments?post=112350"}],"version-history":[{"count":1,"href":"http:\/\/noticiastelered.com\/PortalDNoticias\/wp-json\/wp\/v2\/posts\/112350\/revisions"}],"predecessor-version":[{"id":112351,"href":"http:\/\/noticiastelered.com\/PortalDNoticias\/wp-json\/wp\/v2\/posts\/112350\/revisions\/112351"}],"wp:featuredmedia":[{"embeddable":true,"href":"http:\/\/noticiastelered.com\/PortalDNoticias\/wp-json\/wp\/v2\/media\/112349"}],"wp:attachment":[{"href":"http:\/\/noticiastelered.com\/PortalDNoticias\/wp-json\/wp\/v2\/media?parent=112350"}],"wp:term":[{"taxonomy":"category","embeddable":true,"href":"http:\/\/noticiastelered.com\/PortalDNoticias\/wp-json\/wp\/v2\/categories?post=112350"},{"taxonomy":"post_tag","embeddable":true,"href":"http:\/\/noticiastelered.com\/PortalDNoticias\/wp-json\/wp\/v2\/tags?post=112350"}],"curies":[{"name":"wp","href":"https:\/\/api.w.org\/{rel}","templated":true}]}}