{"id":112343,"date":"2025-07-03T13:58:03","date_gmt":"2025-07-03T13:58:03","guid":{"rendered":"http:\/\/noticiastelered.com\/PortalDNoticias\/?p=112343"},"modified":"2025-07-03T14:03:42","modified_gmt":"2025-07-03T14:03:42","slug":"la-canicula-2025-sera-la-mas-brutal-de-la-historia","status":"publish","type":"post","link":"http:\/\/noticiastelered.com\/PortalDNoticias\/la-canicula-2025-sera-la-mas-brutal-de-la-historia\/","title":{"rendered":"La CAN\u00cdCULA 2025 ser\u00e1 la M\u00c1S BRUTAL de la historia"},"content":{"rendered":"\n<p class=\"p1\"><\/p>\n\n\n\n<p class=\"p2\"><\/p>\n\n\n\n<p class=\"p1\">\ud83d\udea8 \u00a1ALERTA NACIONAL! \ud83d\udea8<\/p>\n\n\n\n<p class=\"p1\">Prep\u00e1rate porque lo que viene NO ES VERANO, ES UNA MALDICI\u00d3N CLIM\u00c1TICA. Autoridades y expertos ya lo soltaron: la can\u00edcula 2025 ser\u00e1 la M\u00c1S INTENSA DE TODOS LOS TIEMPOS \ud83d\udd25\ud83d\ude31.<\/p>\n\n\n\n<p class=\"p1\">A partir del 3 de julio y durante 40 d\u00edas, el norte, sur y centro de M\u00e9xico estar\u00e1n bajo el yugo de temperaturas mortales de hasta 45\u202f\u00b0C \u2620\ufe0f\u2600\ufe0f. Sin lluvias, con una radiaci\u00f3n solar brutal y una sensaci\u00f3n t\u00e9rmica digna del mismo infierno.<\/p>\n\n\n\n<p class=\"p1\">Calles, patios, carros y hasta la sombra estar\u00e1n al rojo vivo.<\/p>\n\n\n\n<p class=\"p1\">\u26a0\ufe0f \u00bfQu\u00e9 viene?<\/p>\n\n\n\n<p class=\"p1\">\ud83d\udd25 45\u202f\u00b0C o m\u00e1s en amplias zonas.<\/p>\n\n\n\n<p class=\"p1\">\ud83d\udd25 Radiaci\u00f3n extrema.<\/p>\n\n\n\n<p class=\"p1\">\ud83d\udd25 Sequ\u00edas totales.<\/p>\n\n\n\n<p class=\"p1\">\ud83d\udd25 Riesgo de golpes de calor, quemaduras y apagones masivos \u26a1\ufe0f\ud83d\udc80.<\/p>\n\n\n\n<p class=\"p1\">\ud83d\ude31 Olvida el \u201ccalorcito normal\u201d. Esto es una can\u00edcula hist\u00f3rica que pondr\u00e1 en riesgo a ni\u00f1os, adultos mayores, mascotas, cultivos y hasta aparatos el\u00e9ctricos.<\/p>\n\n\n\n<p class=\"p1\">\ud83d\udca6 Recomendaciones de vida o muerte:<\/p>\n\n\n\n<p class=\"p1\">\u2705 Evita salir de 11 a 5 PM.<\/p>\n\n\n\n<p class=\"p1\">\u2705 Usa ropa clara, sombrero, lentes y bloqueador.<\/p>\n\n\n\n<p class=\"p1\">\u2705 Toma agua cada 20 minutos, aunque no tengas sed \ud83d\udca7.<\/p>\n\n\n\n<p class=\"p1\">\u2705 NO dejes ni\u00f1os, mascotas ni ancianos en autos.<\/p>\n\n\n\n<p class=\"p1\">\u2705 Busca sombra o lugares con aire.<\/p>\n\n\n\n<p class=\"p1\">\u2705 Reconoce los s\u00edntomas de golpe de calor: dolor de cabeza, piel roja y seca, mareo, confusi\u00f3n.<\/p>\n\n\n\n<p class=\"p1\">\ud83d\udea8 La advertencia est\u00e1 dada:<\/p>\n\n\n\n<p class=\"p1\">No es cualquier calor, es la MADRE DE TODAS LAS CAN\u00cdCULAS \ud83d\udd25\ud83d\ude31.<\/p>\n\n\n\n<p class=\"p1\">#NoticiasTelered<\/p>\n\n\n<p><!-- Composite Start --><\/p>\n<div id=\"M240110ScriptRootC290005\">\n<div id=\"M240110PreloadC290005\"> Loading&#8230;<\/div>\n<p><script> (function(){ var D=new Date(),d=document,b='body',ce='createElement',ac='appendChild',st='style',ds='display',n='none',gi='getElementById',lp=d.location.protocol,wp=lp.indexOf('http')==0?lp:'https:'; var i=d[ce]('iframe');i[st][ds]=n;d[gi](\"M240110ScriptRootC290005\")[ac](i);try{var iw=i.contentWindow.document;iw.open();iw.writeln(\"<ht\"+\"ml><bo\"+\"dy><\/bo\"+\"dy><\/ht\"+\"ml>\");iw.close();var c=iw[b];} catch(e){var iw=d;var c=d[gi](\"M240110ScriptRootC290005\");}var dv=iw[ce]('div');dv.id=\"MG_ID\";dv[st][ds]=n;dv.innerHTML=290005;c[ac](dv); var s=iw[ce]('script');s.async='async';s.defer='defer';s.charset='utf-8';s.src=wp+\"\/\/jsc.mgid.com\/n\/o\/noticiastelered.com.290005.js?t=\"+D.getYear()+D.getMonth()+D.getUTCDate()+D.getUTCHours();c[ac](s);})(); <\/script><\/p>\n<\/div>\n<p><!-- Composite End --><\/p>","protected":false},"excerpt":{"rendered":"<p>\ud83d\udea8 \u00a1ALERTA NACIONAL! \ud83d\udea8 Prep\u00e1rate porque lo que viene NO ES VERANO, ES UNA MALDICI\u00d3N CLIM\u00c1TICA. Autoridades y expertos ya lo soltaron: la can\u00edcula 2025 ser\u00e1 la M\u00c1S INTENSA DE TODOS LOS TIEMPOS \ud83d\udd25\ud83d\ude31. A partir del 3 de julio [&hellip;]<\/p>\n","protected":false},"author":2,"featured_media":95601,"comment_status":"closed","ping_status":"open","sticky":false,"template":"","format":"standard","meta":[],"categories":[60],"tags":[],"_links":{"self":[{"href":"http:\/\/noticiastelered.com\/PortalDNoticias\/wp-json\/wp\/v2\/posts\/112343"}],"collection":[{"href":"http:\/\/noticiastelered.com\/PortalDNoticias\/wp-json\/wp\/v2\/posts"}],"about":[{"href":"http:\/\/noticiastelered.com\/PortalDNoticias\/wp-json\/wp\/v2\/types\/post"}],"author":[{"embeddable":true,"href":"http:\/\/noticiastelered.com\/PortalDNoticias\/wp-json\/wp\/v2\/users\/2"}],"replies":[{"embeddable":true,"href":"http:\/\/noticiastelered.com\/PortalDNoticias\/wp-json\/wp\/v2\/comments?post=112343"}],"version-history":[{"count":2,"href":"http:\/\/noticiastelered.com\/PortalDNoticias\/wp-json\/wp\/v2\/posts\/112343\/revisions"}],"predecessor-version":[{"id":112345,"href":"http:\/\/noticiastelered.com\/PortalDNoticias\/wp-json\/wp\/v2\/posts\/112343\/revisions\/112345"}],"wp:featuredmedia":[{"embeddable":true,"href":"http:\/\/noticiastelered.com\/PortalDNoticias\/wp-json\/wp\/v2\/media\/95601"}],"wp:attachment":[{"href":"http:\/\/noticiastelered.com\/PortalDNoticias\/wp-json\/wp\/v2\/media?parent=112343"}],"wp:term":[{"taxonomy":"category","embeddable":true,"href":"http:\/\/noticiastelered.com\/PortalDNoticias\/wp-json\/wp\/v2\/categories?post=112343"},{"taxonomy":"post_tag","embeddable":true,"href":"http:\/\/noticiastelered.com\/PortalDNoticias\/wp-json\/wp\/v2\/tags?post=112343"}],"curies":[{"name":"wp","href":"https:\/\/api.w.org\/{rel}","templated":true}]}}