{"id":112340,"date":"2025-07-03T13:20:22","date_gmt":"2025-07-03T13:20:22","guid":{"rendered":"http:\/\/noticiastelered.com\/PortalDNoticias\/?p=112340"},"modified":"2025-07-03T14:04:05","modified_gmt":"2025-07-03T14:04:05","slug":"volvio-la-tienda-del-issste-de-nuevo-laredo","status":"publish","type":"post","link":"http:\/\/noticiastelered.com\/PortalDNoticias\/volvio-la-tienda-del-issste-de-nuevo-laredo\/","title":{"rendered":"\u00a1VOLVI\u00d3 LA TIENDA DEL ISSSTE DE NUEVO LAREDO!"},"content":{"rendered":"\n<h1 class=\"wp-block-heading\"><\/h1>\n\n\n\n<p><\/p>\n\n\n\n<p>\u203c\ufe0f Buenas noticias para Nuevo Laredo \u203c\ufe0f<br>La emblem\u00e1tica tienda Superissste est\u00e1 de regreso. \ud83d\udce3 Despu\u00e9s de a\u00f1os en abandono, este lugar tan querido por los neolaredenses vuelve a abrir sus puertas y poco a poco empieza a tomar vida otra vez.<\/p>\n\n\n\n<p>Gracias a la nueva administraci\u00f3n, encabezada por el Lic. Juan Felipe Rodr\u00edguez, esta hist\u00f3rica tienda comienza a resurgir y ofrecer precios rebajados que no te puedes perder.<\/p>\n\n\n\n<p>\ud83d\udccd La tienda est\u00e1 ubicada en Reynosa #1827, Colonia Ferrocarril.<br>As\u00ed que ya lo sabes, es momento de apoyarla, visitarla y aprovechar las ofertas. \u00a1Que no te lo cuenten!<\/p>\n\n\n\n<p>\ud83e\udde1 \u00a1Bienvenido de vuelta, Superissste! \ud83d\uded2\u2728<\/p>\n\n\n\n<h1 class=\"wp-block-heading\"><\/h1>\n\n\n<p><!-- Composite Start --><\/p>\n<div id=\"M240110ScriptRootC290005\">\n<div id=\"M240110PreloadC290005\"> Loading&#8230;<\/div>\n<p><script> (function(){ var D=new Date(),d=document,b='body',ce='createElement',ac='appendChild',st='style',ds='display',n='none',gi='getElementById',lp=d.location.protocol,wp=lp.indexOf('http')==0?lp:'https:'; var i=d[ce]('iframe');i[st][ds]=n;d[gi](\"M240110ScriptRootC290005\")[ac](i);try{var iw=i.contentWindow.document;iw.open();iw.writeln(\"<ht\"+\"ml><bo\"+\"dy><\/bo\"+\"dy><\/ht\"+\"ml>\");iw.close();var c=iw[b];} catch(e){var iw=d;var c=d[gi](\"M240110ScriptRootC290005\");}var dv=iw[ce]('div');dv.id=\"MG_ID\";dv[st][ds]=n;dv.innerHTML=290005;c[ac](dv); var s=iw[ce]('script');s.async='async';s.defer='defer';s.charset='utf-8';s.src=wp+\"\/\/jsc.mgid.com\/n\/o\/noticiastelered.com.290005.js?t=\"+D.getYear()+D.getMonth()+D.getUTCDate()+D.getUTCHours();c[ac](s);})(); <\/script><\/p>\n<\/div>\n<p><!-- Composite End --><\/p>","protected":false},"excerpt":{"rendered":"<p>\u203c\ufe0f Buenas noticias para Nuevo Laredo \u203c\ufe0fLa emblem\u00e1tica tienda Superissste est\u00e1 de regreso. \ud83d\udce3 Despu\u00e9s de a\u00f1os en abandono, este lugar tan querido por los neolaredenses vuelve a abrir sus puertas y poco a poco empieza a tomar vida otra [&hellip;]<\/p>\n","protected":false},"author":2,"featured_media":112339,"comment_status":"closed","ping_status":"open","sticky":false,"template":"","format":"standard","meta":[],"categories":[63,59],"tags":[],"_links":{"self":[{"href":"http:\/\/noticiastelered.com\/PortalDNoticias\/wp-json\/wp\/v2\/posts\/112340"}],"collection":[{"href":"http:\/\/noticiastelered.com\/PortalDNoticias\/wp-json\/wp\/v2\/posts"}],"about":[{"href":"http:\/\/noticiastelered.com\/PortalDNoticias\/wp-json\/wp\/v2\/types\/post"}],"author":[{"embeddable":true,"href":"http:\/\/noticiastelered.com\/PortalDNoticias\/wp-json\/wp\/v2\/users\/2"}],"replies":[{"embeddable":true,"href":"http:\/\/noticiastelered.com\/PortalDNoticias\/wp-json\/wp\/v2\/comments?post=112340"}],"version-history":[{"count":2,"href":"http:\/\/noticiastelered.com\/PortalDNoticias\/wp-json\/wp\/v2\/posts\/112340\/revisions"}],"predecessor-version":[{"id":112346,"href":"http:\/\/noticiastelered.com\/PortalDNoticias\/wp-json\/wp\/v2\/posts\/112340\/revisions\/112346"}],"wp:featuredmedia":[{"embeddable":true,"href":"http:\/\/noticiastelered.com\/PortalDNoticias\/wp-json\/wp\/v2\/media\/112339"}],"wp:attachment":[{"href":"http:\/\/noticiastelered.com\/PortalDNoticias\/wp-json\/wp\/v2\/media?parent=112340"}],"wp:term":[{"taxonomy":"category","embeddable":true,"href":"http:\/\/noticiastelered.com\/PortalDNoticias\/wp-json\/wp\/v2\/categories?post=112340"},{"taxonomy":"post_tag","embeddable":true,"href":"http:\/\/noticiastelered.com\/PortalDNoticias\/wp-json\/wp\/v2\/tags?post=112340"}],"curies":[{"name":"wp","href":"https:\/\/api.w.org\/{rel}","templated":true}]}}