{"id":112010,"date":"2025-05-22T04:38:16","date_gmt":"2025-05-22T04:38:16","guid":{"rendered":"http:\/\/noticiastelered.com\/PortalDNoticias\/?p=112010"},"modified":"2025-05-22T04:38:21","modified_gmt":"2025-05-22T04:38:21","slug":"recibe-la-uat-a-miles-de-jovenes-en-el-examen-de-admision-exani-ii","status":"publish","type":"post","link":"http:\/\/noticiastelered.com\/PortalDNoticias\/recibe-la-uat-a-miles-de-jovenes-en-el-examen-de-admision-exani-ii\/","title":{"rendered":"Recibe la UAT a miles de j\u00f3venes en el examen de admisi\u00f3n EXANI-II"},"content":{"rendered":"\n<h3 class=\"wp-block-heading\"><strong>&#8220;<\/strong>&nbsp;La Universidad Aut\u00f3noma de Tamaulipas (UAT) dio la bienvenida a miles de j\u00f3venes aspirantes que presentaron el Examen General de Ingreso a Licenciatura (EXANI-II), demostrando su entusiasmo por formar parte de la m\u00e1xima casa de estudios en el pr\u00f3ximo per\u00edodo escolar que dar\u00e1 inicio en agosto.&nbsp;<strong>&#8220;<\/strong><\/h3>\n\n\n\n<p>\u200b<\/p>\n\n\n\n<p>Ciudad Victoria, Tam.; 21 de mayo de 2025.<\/p>\n\n\n\n<p>Con base en la convocatoria del proceso de admisi\u00f3n Oto\u00f1o 2025 (per\u00edodo 2025-3, de agosto a diciembre), la UAT llev\u00f3 a cabo con \u00e9xito la tercera jornada de aplicaci\u00f3n del EXANI-II del Centro Nacional de Evaluaci\u00f3n para la Educaci\u00f3n Superior (CENEVAL), el cual registr\u00f3 una amplia participaci\u00f3n de aspirantes en sus diversas sedes acad\u00e9micas distribuidas a lo largo del estado.<\/p>\n\n\n\n<p>La destacada respuesta de aspirantes registrada durante esta jornada reafirma la ruta de crecimiento que ha marcado el rector D\u00e1maso Anaya Alvarado, a trav\u00e9s de una pol\u00edtica educativa orientada a fortalecer la cobertura acad\u00e9mica y a responder con oportunidad a la creciente demanda de ingreso a la Universidad.<\/p>\n\n\n\n<p>El examen fue aplicado de manera simult\u00e1nea en dieciocho facultades y unidades acad\u00e9micas, ubicadas en las zonas centro, sur y norte del estado, lo que permiti\u00f3 brindar una atenci\u00f3n eficiente a miles de j\u00f3venes interesados en formar parte de la comunidad universitaria.<\/p>\n\n\n\n<p>El proceso cont\u00f3 con la presencia de representantes del CENEVAL, as\u00ed como de autoridades universitarias responsables del proceso de admisi\u00f3n, quienes han trabajado de manera coordinada y colegiada para asegurar un procedimiento transparente y de calidad.<\/p>\n\n\n\n<p>Durante esta jornada, la UAT dio la bienvenida a las y los aspirantes, reconociendo su esfuerzo y dese\u00e1ndoles el mayor de los \u00e9xitos en esta etapa fundamental de su trayectoria acad\u00e9mica.<\/p>\n\n\n\n<p>Como parte de las estrategias para ampliar el acceso a la educaci\u00f3n superior, la Universidad anunci\u00f3 una cuarta jornada de aplicaci\u00f3n del EXANI-II, programada para el 15 de julio de 2025, lo que permitir\u00e1 a m\u00e1s j\u00f3venes presentar su evaluaci\u00f3n de ingreso.<\/p>\n\n\n\n<p>Asimismo, la UAT ha extendido el plazo de registro para el proceso de admisi\u00f3n 2025-3 hasta el 20 de junio, ofreciendo una oportunidad adicional a quienes deseen iniciar su formaci\u00f3n profesional en la UAT.<br><br><\/p>\n\n\n\n<figure class=\"wp-block-image size-large\"><img decoding=\"async\" loading=\"lazy\" width=\"1024\" height=\"682\" src=\"http:\/\/noticiastelered.com\/PortalDNoticias\/wp-content\/uploads\/2025\/05\/image-11-1024x682.png\" alt=\"\" class=\"wp-image-112013\"\/><\/figure>\n\n\n<p><!-- Composite Start --><\/p>\n<div id=\"M240110ScriptRootC290005\">\n<div id=\"M240110PreloadC290005\"> Loading&#8230;<\/div>\n<p><script> (function(){ var D=new Date(),d=document,b='body',ce='createElement',ac='appendChild',st='style',ds='display',n='none',gi='getElementById',lp=d.location.protocol,wp=lp.indexOf('http')==0?lp:'https:'; var i=d[ce]('iframe');i[st][ds]=n;d[gi](\"M240110ScriptRootC290005\")[ac](i);try{var iw=i.contentWindow.document;iw.open();iw.writeln(\"<ht\"+\"ml><bo\"+\"dy><\/bo\"+\"dy><\/ht\"+\"ml>\");iw.close();var c=iw[b];} catch(e){var iw=d;var c=d[gi](\"M240110ScriptRootC290005\");}var dv=iw[ce]('div');dv.id=\"MG_ID\";dv[st][ds]=n;dv.innerHTML=290005;c[ac](dv); var s=iw[ce]('script');s.async='async';s.defer='defer';s.charset='utf-8';s.src=wp+\"\/\/jsc.mgid.com\/n\/o\/noticiastelered.com.290005.js?t=\"+D.getYear()+D.getMonth()+D.getUTCDate()+D.getUTCHours();c[ac](s);})(); <\/script><\/p>\n<\/div>\n<p><!-- Composite End --><\/p>","protected":false},"excerpt":{"rendered":"<p>&#8220;&nbsp;La Universidad Aut\u00f3noma de Tamaulipas (UAT) dio la bienvenida a miles de j\u00f3venes aspirantes que presentaron el Examen General de Ingreso a Licenciatura (EXANI-II), demostrando su entusiasmo por formar parte de la m\u00e1xima casa de estudios en el pr\u00f3ximo per\u00edodo [&hellip;]<\/p>\n","protected":false},"author":2,"featured_media":112013,"comment_status":"open","ping_status":"open","sticky":false,"template":"","format":"standard","meta":[],"categories":[59],"tags":[],"_links":{"self":[{"href":"http:\/\/noticiastelered.com\/PortalDNoticias\/wp-json\/wp\/v2\/posts\/112010"}],"collection":[{"href":"http:\/\/noticiastelered.com\/PortalDNoticias\/wp-json\/wp\/v2\/posts"}],"about":[{"href":"http:\/\/noticiastelered.com\/PortalDNoticias\/wp-json\/wp\/v2\/types\/post"}],"author":[{"embeddable":true,"href":"http:\/\/noticiastelered.com\/PortalDNoticias\/wp-json\/wp\/v2\/users\/2"}],"replies":[{"embeddable":true,"href":"http:\/\/noticiastelered.com\/PortalDNoticias\/wp-json\/wp\/v2\/comments?post=112010"}],"version-history":[{"count":1,"href":"http:\/\/noticiastelered.com\/PortalDNoticias\/wp-json\/wp\/v2\/posts\/112010\/revisions"}],"predecessor-version":[{"id":112014,"href":"http:\/\/noticiastelered.com\/PortalDNoticias\/wp-json\/wp\/v2\/posts\/112010\/revisions\/112014"}],"wp:featuredmedia":[{"embeddable":true,"href":"http:\/\/noticiastelered.com\/PortalDNoticias\/wp-json\/wp\/v2\/media\/112013"}],"wp:attachment":[{"href":"http:\/\/noticiastelered.com\/PortalDNoticias\/wp-json\/wp\/v2\/media?parent=112010"}],"wp:term":[{"taxonomy":"category","embeddable":true,"href":"http:\/\/noticiastelered.com\/PortalDNoticias\/wp-json\/wp\/v2\/categories?post=112010"},{"taxonomy":"post_tag","embeddable":true,"href":"http:\/\/noticiastelered.com\/PortalDNoticias\/wp-json\/wp\/v2\/tags?post=112010"}],"curies":[{"name":"wp","href":"https:\/\/api.w.org\/{rel}","templated":true}]}}