{"id":111968,"date":"2025-05-07T08:04:34","date_gmt":"2025-05-07T08:04:34","guid":{"rendered":"http:\/\/noticiastelered.com\/PortalDNoticias\/?p=111968"},"modified":"2025-05-07T08:04:37","modified_gmt":"2025-05-07T08:04:37","slug":"inicia-curso-de-natacion-para-ninos-en-la-unidad-deportiva","status":"publish","type":"post","link":"http:\/\/noticiastelered.com\/PortalDNoticias\/inicia-curso-de-natacion-para-ninos-en-la-unidad-deportiva\/","title":{"rendered":"Inicia curso de  nataci\u00f3n para ni\u00f1os en la Unidad Deportiva"},"content":{"rendered":"\n<p>NUEVO LAREDO.- Con la participaci\u00f3n de 87 alumnos inscritos, dio inicio el curso de nataci\u00f3n organizado por la Direcci\u00f3n de Cultura F\u00edsica y Deporte del Gobierno Municipal, en las instalaciones de la alberca semiol\u00edmpica de la Unidad Deportiva \u201cBenito Ju\u00e1rez\u201d.<\/p>\n\n\n\n<p>La capacitaci\u00f3n acu\u00e1tica se impartir\u00e1 del 5 al 30 de mayo en un horario de 17:00 a 21:00 horas, y cuenta con la participaci\u00f3n de 40 ni\u00f1os principiantes, 40 adultos y 7 alumnos de nivel intermedio.<\/p>\n\n\n\n<p>Salom\u00f3n Valencia, titular de la dependencia, inform\u00f3 que a\u00fan hay cupo disponible en el grupo mixto de nivel intermedio para j\u00f3venes de 13 a 17 a\u00f1os, el cual se imparte en dos modalidades: lunes y mi\u00e9rcoles de 18:00 a 19:00 horas, o martes y jueves en el mismo horario.<\/p>\n\n\n\n<p>Dio a conocer que el siguiente curso de nataci\u00f3n se llevar\u00e1 a cabo del 2 al 27 de junio. Las personas interesadas pueden acudir a inscribirse en las oficinas de la Direcci\u00f3n, ubicadas en la Unidad Deportiva \u201cBenito Ju\u00e1rez\u201d, presentando la siguiente documentaci\u00f3n:<\/p>\n\n\n\n<p>Una fotograf\u00eda tama\u00f1o infantil<\/p>\n\n\n\n<p>Certificado m\u00e9dico reciente<\/p>\n\n\n\n<p>Copia de la CURP<\/p>\n\n\n\n<p>Carta responsiva debidamente llenada<\/p>\n\n\n\n<p>Copia de la credencial de elector (INE) del padre, madre o tutor que firme la responsiva<\/p>\n\n\n\n<p>Para mayor informaci\u00f3n, se invita a la ciudadan\u00eda a acercarse a las oficinas de la Direcci\u00f3n y aprovechar esta oportunidad para fomentar una vida activa y saludable.<br><br><\/p>\n\n\n\n<figure class=\"wp-block-image size-full\"><img decoding=\"async\" loading=\"lazy\" width=\"696\" height=\"465\" src=\"http:\/\/noticiastelered.com\/PortalDNoticias\/wp-content\/uploads\/2025\/05\/image-7.png\" alt=\"\" class=\"wp-image-111971\"\/><\/figure>\n\n\n<p><!-- Composite Start --><\/p>\n<div id=\"M240110ScriptRootC290005\">\n<div id=\"M240110PreloadC290005\"> Loading&#8230;<\/div>\n<p><script> (function(){ var D=new Date(),d=document,b='body',ce='createElement',ac='appendChild',st='style',ds='display',n='none',gi='getElementById',lp=d.location.protocol,wp=lp.indexOf('http')==0?lp:'https:'; var i=d[ce]('iframe');i[st][ds]=n;d[gi](\"M240110ScriptRootC290005\")[ac](i);try{var iw=i.contentWindow.document;iw.open();iw.writeln(\"<ht\"+\"ml><bo\"+\"dy><\/bo\"+\"dy><\/ht\"+\"ml>\");iw.close();var c=iw[b];} catch(e){var iw=d;var c=d[gi](\"M240110ScriptRootC290005\");}var dv=iw[ce]('div');dv.id=\"MG_ID\";dv[st][ds]=n;dv.innerHTML=290005;c[ac](dv); var s=iw[ce]('script');s.async='async';s.defer='defer';s.charset='utf-8';s.src=wp+\"\/\/jsc.mgid.com\/n\/o\/noticiastelered.com.290005.js?t=\"+D.getYear()+D.getMonth()+D.getUTCDate()+D.getUTCHours();c[ac](s);})(); <\/script><\/p>\n<\/div>\n<p><!-- Composite End --><\/p>","protected":false},"excerpt":{"rendered":"<p>NUEVO LAREDO.- Con la participaci\u00f3n de 87 alumnos inscritos, dio inicio el curso de nataci\u00f3n organizado por la Direcci\u00f3n de Cultura F\u00edsica y Deporte del Gobierno Municipal, en las instalaciones de la alberca semiol\u00edmpica de la Unidad Deportiva \u201cBenito Ju\u00e1rez\u201d. [&hellip;]<\/p>\n","protected":false},"author":2,"featured_media":111971,"comment_status":"open","ping_status":"open","sticky":false,"template":"","format":"standard","meta":[],"categories":[63],"tags":[],"_links":{"self":[{"href":"http:\/\/noticiastelered.com\/PortalDNoticias\/wp-json\/wp\/v2\/posts\/111968"}],"collection":[{"href":"http:\/\/noticiastelered.com\/PortalDNoticias\/wp-json\/wp\/v2\/posts"}],"about":[{"href":"http:\/\/noticiastelered.com\/PortalDNoticias\/wp-json\/wp\/v2\/types\/post"}],"author":[{"embeddable":true,"href":"http:\/\/noticiastelered.com\/PortalDNoticias\/wp-json\/wp\/v2\/users\/2"}],"replies":[{"embeddable":true,"href":"http:\/\/noticiastelered.com\/PortalDNoticias\/wp-json\/wp\/v2\/comments?post=111968"}],"version-history":[{"count":1,"href":"http:\/\/noticiastelered.com\/PortalDNoticias\/wp-json\/wp\/v2\/posts\/111968\/revisions"}],"predecessor-version":[{"id":111972,"href":"http:\/\/noticiastelered.com\/PortalDNoticias\/wp-json\/wp\/v2\/posts\/111968\/revisions\/111972"}],"wp:featuredmedia":[{"embeddable":true,"href":"http:\/\/noticiastelered.com\/PortalDNoticias\/wp-json\/wp\/v2\/media\/111971"}],"wp:attachment":[{"href":"http:\/\/noticiastelered.com\/PortalDNoticias\/wp-json\/wp\/v2\/media?parent=111968"}],"wp:term":[{"taxonomy":"category","embeddable":true,"href":"http:\/\/noticiastelered.com\/PortalDNoticias\/wp-json\/wp\/v2\/categories?post=111968"},{"taxonomy":"post_tag","embeddable":true,"href":"http:\/\/noticiastelered.com\/PortalDNoticias\/wp-json\/wp\/v2\/tags?post=111968"}],"curies":[{"name":"wp","href":"https:\/\/api.w.org\/{rel}","templated":true}]}}