{"id":111962,"date":"2025-05-07T06:40:56","date_gmt":"2025-05-07T06:40:56","guid":{"rendered":"http:\/\/noticiastelered.com\/PortalDNoticias\/?p=111962"},"modified":"2025-05-07T06:40:58","modified_gmt":"2025-05-07T06:40:58","slug":"ofrece-la-uat-concierto-ludico-y-educativo-por-el-dia-del-nino-y-de-la-nina","status":"publish","type":"post","link":"http:\/\/noticiastelered.com\/PortalDNoticias\/ofrece-la-uat-concierto-ludico-y-educativo-por-el-dia-del-nino-y-de-la-nina\/","title":{"rendered":"Ofrece la UAT concierto l\u00fadico y educativo por el D\u00eda del Ni\u00f1o y de la Ni\u00f1a"},"content":{"rendered":"\n<h3 class=\"wp-block-heading\"><strong>&#8220;<\/strong>\u00a0La Universidad Aut\u00f3noma de Tamaulipas (UAT) ofreci\u00f3 un espect\u00e1culo musical lleno de aprendizaje y diversi\u00f3n para los ni\u00f1os y ni\u00f1as de los centros de desarrollo infantil de esta casa de estudios en Ciudad Victoria.\u00a0<strong>&#8220;<\/strong><\/h3>\n\n\n\n<p>\u200b<\/p>\n\n\n\n<p>Ciudad Victoria, Tam.; 2 de mayo de 2025.<\/p>\n\n\n\n<p>En el marco conmemorativo del D\u00eda del Ni\u00f1o y de la Ni\u00f1a, el evento fue organizado por Familia UAT y la Direcci\u00f3n de Cultura y Arte con el prop\u00f3sito de combinar entretenimiento y promoci\u00f3n art\u00edstica.<br>Teniendo como escenario el Auditorio Alberto L\u00f3pez del Centro Cultural Tamaulipas, se ofreci\u00f3 la presentaci\u00f3n del Quinteto de Alientos UAT, que protagoniz\u00f3 la jornada con un espect\u00e1culo interactivo dirigido a ni\u00f1os y ni\u00f1as del C\u00edrculo de Desarrollo Infantil y del CENDI de la UAT.<br>Los m\u00fasicos de la UAT, caracterizados como personajes infantiles como Mario, Luigi, Jessie la Vaquerita, Blancanieves y la Chilindrina, capturaron la atenci\u00f3n del p\u00fablico con un repertorio que incluy\u00f3 melod\u00edas populares de pel\u00edculas infantiles y cl\u00e1sicos musicales.<br>Adem\u00e1s, los integrantes del quinteto aprovecharon la ocasi\u00f3n para ense\u00f1ar a los peque\u00f1os los instrumentos que conforman un ensamble de alientos: el fagot, la flauta transversal, el corno franc\u00e9s y el clarinete, fomentando as\u00ed su curiosidad por la m\u00fasica.<br>En representaci\u00f3n de la presidenta honoraria de Familia UAT, Isolda Rend\u00f3n de Anaya, estuvo presente la directora general de Familia UAT, Laura Garc\u00eda \u00c1lvarez; adem\u00e1s se cont\u00f3 con la asistencia de la directora del Centro Cultural Tamaulipas, Ileana Mart\u00ednez Leal; del director de Cultura y Arte UAT, Ram\u00f3n Rold\u00e1n Ru\u00edz; y de las titulares del C\u00edrculo de Desarrollo Infantil y del CENDI de la UAT de Ciudad Victoria, quienes acompa\u00f1aron a los menores en esta experiencia l\u00fadica. <br><br><\/p>\n\n\n\n<figure class=\"wp-block-image size-large\"><img decoding=\"async\" loading=\"lazy\" width=\"1024\" height=\"683\" src=\"http:\/\/noticiastelered.com\/PortalDNoticias\/wp-content\/uploads\/2025\/05\/image-6-1024x683.png\" alt=\"\" class=\"wp-image-111965\"\/><\/figure>\n","protected":false},"excerpt":{"rendered":"<p>&#8220;\u00a0La Universidad Aut\u00f3noma de Tamaulipas (UAT) ofreci\u00f3 un espect\u00e1culo musical lleno de aprendizaje y diversi\u00f3n para los ni\u00f1os y ni\u00f1as de los centros de desarrollo infantil de esta casa de estudios en Ciudad Victoria.\u00a0&#8220; \u200b Ciudad Victoria, Tam.; 2 de [&hellip;]<\/p>\n","protected":false},"author":2,"featured_media":111965,"comment_status":"open","ping_status":"open","sticky":false,"template":"","format":"standard","meta":[],"categories":[59],"tags":[],"_links":{"self":[{"href":"http:\/\/noticiastelered.com\/PortalDNoticias\/wp-json\/wp\/v2\/posts\/111962"}],"collection":[{"href":"http:\/\/noticiastelered.com\/PortalDNoticias\/wp-json\/wp\/v2\/posts"}],"about":[{"href":"http:\/\/noticiastelered.com\/PortalDNoticias\/wp-json\/wp\/v2\/types\/post"}],"author":[{"embeddable":true,"href":"http:\/\/noticiastelered.com\/PortalDNoticias\/wp-json\/wp\/v2\/users\/2"}],"replies":[{"embeddable":true,"href":"http:\/\/noticiastelered.com\/PortalDNoticias\/wp-json\/wp\/v2\/comments?post=111962"}],"version-history":[{"count":1,"href":"http:\/\/noticiastelered.com\/PortalDNoticias\/wp-json\/wp\/v2\/posts\/111962\/revisions"}],"predecessor-version":[{"id":111966,"href":"http:\/\/noticiastelered.com\/PortalDNoticias\/wp-json\/wp\/v2\/posts\/111962\/revisions\/111966"}],"wp:featuredmedia":[{"embeddable":true,"href":"http:\/\/noticiastelered.com\/PortalDNoticias\/wp-json\/wp\/v2\/media\/111965"}],"wp:attachment":[{"href":"http:\/\/noticiastelered.com\/PortalDNoticias\/wp-json\/wp\/v2\/media?parent=111962"}],"wp:term":[{"taxonomy":"category","embeddable":true,"href":"http:\/\/noticiastelered.com\/PortalDNoticias\/wp-json\/wp\/v2\/categories?post=111962"},{"taxonomy":"post_tag","embeddable":true,"href":"http:\/\/noticiastelered.com\/PortalDNoticias\/wp-json\/wp\/v2\/tags?post=111962"}],"curies":[{"name":"wp","href":"https:\/\/api.w.org\/{rel}","templated":true}]}}