{"id":111853,"date":"2025-04-18T23:40:31","date_gmt":"2025-04-18T23:40:31","guid":{"rendered":"http:\/\/noticiastelered.com\/PortalDNoticias\/?p=111853"},"modified":"2025-04-18T23:40:31","modified_gmt":"2025-04-18T23:40:31","slug":"joven-denuncia-a-guardia-estatal-por-lesiones-e-intimidacion-senala-al-coordinador-luis-angel-penaflor","status":"publish","type":"post","link":"http:\/\/noticiastelered.com\/PortalDNoticias\/joven-denuncia-a-guardia-estatal-por-lesiones-e-intimidacion-senala-al-coordinador-luis-angel-penaflor\/","title":{"rendered":"Joven denuncia a Guardia Estatal por lesiones e intimidaci\u00f3n; se\u00f1ala al coordinador Luis \u00c1ngel Pe\u00f1aflor"},"content":{"rendered":"\n<p><br><\/p>\n\n\n\n<p>Nuevo Laredo, Tamaulipas, 18 de abril de 2025 .\u2014 Por la comisi\u00f3n de diversos delitos, entre ellos el de lesiones, una joven de 20 a\u00f1os, interpuso una denuncia en contra de agentes de las Fuerzas Especiales de la Guardia Estatal y el coordinador Luis \u00c1ngel Pe\u00f1aflor Camey ante la Fiscal\u00eda General de Justicia de Tamaulipas, donde se inici\u00f3 la carpeta de investigaci\u00f3n FGJT\/FD\/NUEVOLAREDO\/NLDO\/UG12\/0168\/2025.<\/p>\n\n\n\n<p>Esperanza Noem\u00ed, una joven de 20 a\u00f1os, fue v\u00edctima de un accidente vehicular provocado por elementos de la Fuerza Especial de la Guardia Estatal. El impacto, ocurrido en la intersecci\u00f3n de las calles Anzures y Aeropuerto, no solo le dej\u00f3 lesiones f\u00edsicas severas, sino que tambi\u00e9n evidenci\u00f3 una cadena de abuso, intimidaci\u00f3n y negligencia institucional que la tuvieron al borde de una cirug\u00eda.<\/p>\n\n\n\n<p>Con temor pero con dignidad, la joven hizo detallo lo sucedido al presentar su denuncia formal ante la Fiscal\u00eda General de Justicia de Tamaulipas, los hechos ocurrieron cuando ella respet\u00f3 la luz verde del sem\u00e1foro y avanz\u00f3 con su veh\u00edculo. Sin embargo, una patrulla de la Guardia Estatal que se hab\u00eda pasado la luz roja la embisti\u00f3 con fuerza. El golpe la inmoviliz\u00f3, le provoc\u00f3 severos espasmos en las manos y un cuadro de crisis nerviosa agudo. Lo m\u00e1s grave: recientemente se recuperaba de una ces\u00e1rea, y la colisi\u00f3n le caus\u00f3 una ruptura interna en las capas de la piel, lo que puso en riesgo su vida y pudo derivar en una intervenci\u00f3n quir\u00fargica mayor.<\/p>\n\n\n\n<p>\u201cMe empezaron a decir cosas muy feas, que me bajara, que moviera la troca. Yo ya no pod\u00eda mover las manos, la boca se me dorm\u00eda, me sent\u00eda mal\u2026 y ellos me dec\u00edan que no me pod\u00edan ayudar. Me quitaron mi celular, me intimidaron, me preguntaban qui\u00e9n me hab\u00eda mandado\u201d, narr\u00f3 Esperanza, a\u00fan visiblemente afectada.<\/p>\n\n\n\n<p>El nivel de violencia institucional fue escalando. Los agentes, en lugar de solicitar atenci\u00f3n m\u00e9dica inmediata, la forzaron a cambiar de lugar en su propio veh\u00edculo, manipularon la escena del accidente para ocultarla de la vista p\u00fablica. No fue sino hasta que lleg\u00f3 su t\u00eda y exigi\u00f3 auxilio que se activ\u00f3 el llamado a los servicios de emergencia.<\/p>\n\n\n\n<p>Las acusaciones alcanzan directamente al coordinador de la Guardia Estatal en Nuevo Laredo, Luis \u00c1ngel Pe\u00f1aflor Camey, quien encabezaba a los elementos involucrados. La joven exige que tanto los responsables materiales como su superior jer\u00e1rquico respondan por los da\u00f1os f\u00edsicos, emocionales y materiales ocasionados.<\/p>\n\n\n\n<p>Este caso se suma a una creciente preocupaci\u00f3n en Tamaulipas por los constantes se\u00f1alamientos de abuso de autoridad y uso excesivo de la fuerza por parte de corporaciones estatales. La intimidaci\u00f3n a la v\u00edctima, la omisi\u00f3n de auxilio m\u00e9dico y la manipulaci\u00f3n de la escena del accidente configuran un patr\u00f3n de impunidad que exige una respuesta contundente de las autoridades.<\/p>\n\n\n\n<p>\u201cYo solo quiero justicia. Quiero que se hagan responsables de lo que hicieron, de c\u00f3mo me dejaron. Tengo miedo, pero no me voy a quedar callada\u201d, concluy\u00f3 Esperanza Noem\u00ed, sosteniendo los papeles de su denuncia y la esperanza de que su voz sea escuchada m\u00e1s all\u00e1 de las paredes de la Fiscal\u00eda.<\/p>\n","protected":false},"excerpt":{"rendered":"<p>Nuevo Laredo, Tamaulipas, 18 de abril de 2025 .\u2014 Por la comisi\u00f3n de diversos delitos, entre ellos el de lesiones, una joven de 20 a\u00f1os, interpuso una denuncia en contra de agentes de las Fuerzas Especiales de la Guardia Estatal [&hellip;]<\/p>\n","protected":false},"author":2,"featured_media":111852,"comment_status":"closed","ping_status":"open","sticky":false,"template":"","format":"standard","meta":[],"categories":[77],"tags":[],"_links":{"self":[{"href":"http:\/\/noticiastelered.com\/PortalDNoticias\/wp-json\/wp\/v2\/posts\/111853"}],"collection":[{"href":"http:\/\/noticiastelered.com\/PortalDNoticias\/wp-json\/wp\/v2\/posts"}],"about":[{"href":"http:\/\/noticiastelered.com\/PortalDNoticias\/wp-json\/wp\/v2\/types\/post"}],"author":[{"embeddable":true,"href":"http:\/\/noticiastelered.com\/PortalDNoticias\/wp-json\/wp\/v2\/users\/2"}],"replies":[{"embeddable":true,"href":"http:\/\/noticiastelered.com\/PortalDNoticias\/wp-json\/wp\/v2\/comments?post=111853"}],"version-history":[{"count":1,"href":"http:\/\/noticiastelered.com\/PortalDNoticias\/wp-json\/wp\/v2\/posts\/111853\/revisions"}],"predecessor-version":[{"id":111854,"href":"http:\/\/noticiastelered.com\/PortalDNoticias\/wp-json\/wp\/v2\/posts\/111853\/revisions\/111854"}],"wp:featuredmedia":[{"embeddable":true,"href":"http:\/\/noticiastelered.com\/PortalDNoticias\/wp-json\/wp\/v2\/media\/111852"}],"wp:attachment":[{"href":"http:\/\/noticiastelered.com\/PortalDNoticias\/wp-json\/wp\/v2\/media?parent=111853"}],"wp:term":[{"taxonomy":"category","embeddable":true,"href":"http:\/\/noticiastelered.com\/PortalDNoticias\/wp-json\/wp\/v2\/categories?post=111853"},{"taxonomy":"post_tag","embeddable":true,"href":"http:\/\/noticiastelered.com\/PortalDNoticias\/wp-json\/wp\/v2\/tags?post=111853"}],"curies":[{"name":"wp","href":"https:\/\/api.w.org\/{rel}","templated":true}]}}