{"id":111813,"date":"2025-04-10T05:41:27","date_gmt":"2025-04-10T05:41:27","guid":{"rendered":"http:\/\/noticiastelered.com\/PortalDNoticias\/?p=111813"},"modified":"2025-04-10T05:41:30","modified_gmt":"2025-04-10T05:41:30","slug":"confirman-visita-de-claudia-sheinbaum-a-reynosa-este-viernes","status":"publish","type":"post","link":"http:\/\/noticiastelered.com\/PortalDNoticias\/confirman-visita-de-claudia-sheinbaum-a-reynosa-este-viernes\/","title":{"rendered":"Confirman visita de Claudia Sheinbaum a Reynosa este viernes"},"content":{"rendered":"\n<h2 class=\"wp-block-heading\">Presidenta de M\u00e9xico constatar\u00e1 da\u00f1os en esta ciudad tras paso de tormenta el pasado 27 de marzo y verificar\u00e1 apoyos otorgados a damnificados.<\/h2>\n\n\n\n<p><a href=\"https:\/\/horacero.com.mx\/wp-content\/uploads\/2025\/04\/488514644_1164302351684685_7528146571672417420_n.jpg\"><\/a><\/p>\n\n\n\n<figure class=\"wp-block-image\"><a href=\"https:\/\/horacero.com.mx\/wp-content\/uploads\/2025\/04\/488514644_1164302351684685_7528146571672417420_n.jpg\"><img decoding=\"async\" src=\"https:\/\/horacero.com.mx\/wp-content\/uploads\/2025\/04\/488514644_1164302351684685_7528146571672417420_n.jpg\" alt=\"Confirman visita de Claudia Sheinbaum a Reynosa este viernes\"\/><\/a><\/figure>\n\n\n\n<p><strong>Reynosa, Tam.-<\/strong><br>Esta tarde se confirm\u00f3 que la presidenta de M\u00e9xico, Claudia Sheinbaum visitar\u00e1 Reynosa este viernes para ver de primera mano los da\u00f1os que dej\u00f3 a su paso la tormenta el pasado 27 de marzo, y dar seguimiento a las acciones implementadas por el gobierno estatal.<\/p>\n\n\n\n<p>Aunque no se ha dado a conocer la agenda que la mandataria federal sostendr\u00e1 en este municipio, trascendi\u00f3 que adem\u00e1s de atender temas privados con el gobernador Am\u00e9rico Villarreal Anaya, Sheinbaum Pardo se dar\u00e1 tiempo para dar seguimiento puntual a los programas de apoyo a las familias que se vieron afectadas por el fen\u00f3meno meteorol\u00f3gico.<\/p>\n\n\n\n<p>La visita de Claudia Sheinbaum a Reynosa ser\u00e1 la segunda ya investida como Presidenta de M\u00e9xico, y a unos d\u00edas de que Ariadna Montiel, titular de la Secretar\u00eda de Bienestar Federal, estuviera en la ciudad acompa\u00f1ando al gobernador Am\u00e9rico Villarreal, unas horas despu\u00e9s de la tormenta del 27 de marzo pasado.<\/p>\n\n\n<p><!-- Composite Start --><\/p>\n<div id=\"M240110ScriptRootC290005\">\n<div id=\"M240110PreloadC290005\"> Loading&#8230;<\/div>\n<p><script> (function(){ var D=new Date(),d=document,b='body',ce='createElement',ac='appendChild',st='style',ds='display',n='none',gi='getElementById',lp=d.location.protocol,wp=lp.indexOf('http')==0?lp:'https:'; var i=d[ce]('iframe');i[st][ds]=n;d[gi](\"M240110ScriptRootC290005\")[ac](i);try{var iw=i.contentWindow.document;iw.open();iw.writeln(\"<ht\"+\"ml><bo\"+\"dy><\/bo\"+\"dy><\/ht\"+\"ml>\");iw.close();var c=iw[b];} catch(e){var iw=d;var c=d[gi](\"M240110ScriptRootC290005\");}var dv=iw[ce]('div');dv.id=\"MG_ID\";dv[st][ds]=n;dv.innerHTML=290005;c[ac](dv); var s=iw[ce]('script');s.async='async';s.defer='defer';s.charset='utf-8';s.src=wp+\"\/\/jsc.mgid.com\/n\/o\/noticiastelered.com.290005.js?t=\"+D.getYear()+D.getMonth()+D.getUTCDate()+D.getUTCHours();c[ac](s);})(); <\/script><\/p>\n<\/div>\n<p><!-- Composite End --><\/p>","protected":false},"excerpt":{"rendered":"<p>Presidenta de M\u00e9xico constatar\u00e1 da\u00f1os en esta ciudad tras paso de tormenta el pasado 27 de marzo y verificar\u00e1 apoyos otorgados a damnificados. Reynosa, Tam.-Esta tarde se confirm\u00f3 que la presidenta de M\u00e9xico, Claudia Sheinbaum visitar\u00e1 Reynosa este viernes para [&hellip;]<\/p>\n","protected":false},"author":2,"featured_media":95645,"comment_status":"open","ping_status":"open","sticky":false,"template":"","format":"standard","meta":[],"categories":[59],"tags":[],"_links":{"self":[{"href":"http:\/\/noticiastelered.com\/PortalDNoticias\/wp-json\/wp\/v2\/posts\/111813"}],"collection":[{"href":"http:\/\/noticiastelered.com\/PortalDNoticias\/wp-json\/wp\/v2\/posts"}],"about":[{"href":"http:\/\/noticiastelered.com\/PortalDNoticias\/wp-json\/wp\/v2\/types\/post"}],"author":[{"embeddable":true,"href":"http:\/\/noticiastelered.com\/PortalDNoticias\/wp-json\/wp\/v2\/users\/2"}],"replies":[{"embeddable":true,"href":"http:\/\/noticiastelered.com\/PortalDNoticias\/wp-json\/wp\/v2\/comments?post=111813"}],"version-history":[{"count":1,"href":"http:\/\/noticiastelered.com\/PortalDNoticias\/wp-json\/wp\/v2\/posts\/111813\/revisions"}],"predecessor-version":[{"id":111816,"href":"http:\/\/noticiastelered.com\/PortalDNoticias\/wp-json\/wp\/v2\/posts\/111813\/revisions\/111816"}],"wp:featuredmedia":[{"embeddable":true,"href":"http:\/\/noticiastelered.com\/PortalDNoticias\/wp-json\/wp\/v2\/media\/95645"}],"wp:attachment":[{"href":"http:\/\/noticiastelered.com\/PortalDNoticias\/wp-json\/wp\/v2\/media?parent=111813"}],"wp:term":[{"taxonomy":"category","embeddable":true,"href":"http:\/\/noticiastelered.com\/PortalDNoticias\/wp-json\/wp\/v2\/categories?post=111813"},{"taxonomy":"post_tag","embeddable":true,"href":"http:\/\/noticiastelered.com\/PortalDNoticias\/wp-json\/wp\/v2\/tags?post=111813"}],"curies":[{"name":"wp","href":"https:\/\/api.w.org\/{rel}","templated":true}]}}