{"id":111785,"date":"2025-04-08T22:20:31","date_gmt":"2025-04-08T22:20:31","guid":{"rendered":"http:\/\/noticiastelered.com\/PortalDNoticias\/?p=111785"},"modified":"2025-04-08T22:20:33","modified_gmt":"2025-04-08T22:20:33","slug":"hospitalizan-de-emergencia-a-manuel-cavazos-lerma-ex-gobernador-de-tamaulipas","status":"publish","type":"post","link":"http:\/\/noticiastelered.com\/PortalDNoticias\/hospitalizan-de-emergencia-a-manuel-cavazos-lerma-ex-gobernador-de-tamaulipas\/","title":{"rendered":"Hospitalizan de emergencia a Manuel Cavazos Lerma, ex gobernador de Tamaulipas"},"content":{"rendered":"\n<p><strong>Agencias<\/strong><br>Noticias Telerered<br><br><strong>TAMAULIPAS.-<\/strong>El ex gobernador de Tamaulipas, Manuel Cavazos Lerma, se encuentra internado en el Hospital La Salle en Ciudad Victoria, quien a decir de su hijo Miguel Cavazos, el estado de salud de su pap\u00e1 es bueno, pero les gener\u00f3 alarma que notaron ciertos cambios en \u00e9l y buscan descartar que no se repita un problema cerebral que tuvo anteriormente.&nbsp;<\/p>\n\n\n\n<p>Indic\u00f3 que el domingo por la noche tomaron la decisi\u00f3n de trasladarlo a recibir atenci\u00f3n m\u00e9dica, pues notaron que ten\u00eda una conducta inusual en \u00e9l, y debido a ello decidieron ingresarlo al nosocomio.&nbsp;<\/p>\n\n\n\n<p><\/p>\n\n\n\n<p>\u201cLa verdad est\u00e1 bien, hace varios meses tuvo una situaci\u00f3n en el cerebro, una operaci\u00f3n y notamos algunos cambios que no nos parecieron propios de \u00e9l y tomamos a bien internarlo para que le hicieran las revisiones correspondientes\u201d.&nbsp;<br>Explic\u00f3 que el ex mandatario de Tamaulipas, de 79 a\u00f1os de edad, sigue internado y est\u00e1n a la espera de que los m\u00e9dicos hagan un diagn\u00f3stico de la salud de su padre, \u201cpero tenemos fe de que todo va a estar bien\u201d.&nbsp;<\/p>\n\n\n\n<p><strong>Diagn\u00f3stico y atenci\u00f3n&nbsp;<br><\/strong>El ex gobernador de Tamaulipas fue internado de emergencia la noche del domingo en el Hospital La Salle, al norte de Ciudad Victoria, debido a un posible cuadro agudo de laberintitis. Al respecto el secretario de Salud estatal, Vicente Hern\u00e1ndez Navarro, dijo que se encuentra estable y es atendido por los m\u00e9dicos Jorge Salinas y Alejandro Tirado.<\/p>\n\n\n\n<p>\u201cEl exgobernador present\u00f3 s\u00edntomas que inicialmente hicieron sospechar de un problema card\u00edaco o neurol\u00f3gico, por lo que fue necesario realizar estudios\u201d, explic\u00f3 Hern\u00e1ndez Navarro, quien agreg\u00f3 que la enfermedad afecta el o\u00eddo medio y suele confundirse con otras condiciones debido a s\u00edntomas como v\u00e9rtigo, n\u00e1useas y p\u00e9rdida del equilibrio.&nbsp;<\/p>\n\n\n\n<p><br>\u200bLuego de practicarle algunos estudios, se confirm\u00f3 que Cavazos Lerma padece de laberintitis, una inflamaci\u00f3n del o\u00eddo interno causada por infecciones virales o bacterianas, que afecta principalmente el equilibrio.&nbsp;<\/p>\n\n\n\n<p>\u201cEs una enfermedad muy com\u00fan que habitualmente atiende un otorrinolaring\u00f3logo y se confunde con ciertas enfermedades, pero los m\u00e9dicos que lo atienden lo reportan estable\u201d, recalc\u00f3.&nbsp;<br>Los m\u00e9dicos tambi\u00e9n le detectaron un cuadro de deshidrataci\u00f3n severa, por lo que se le suministr\u00f3 suero intravenoso. Cavazos Lerma permanecer\u00e1 bajo observaci\u00f3n m\u00e9dica.&nbsp;<\/p>\n\n\n\n<p>El pol\u00edtico priista fue trasladado desde su rancho \u201cSanta Cecilia\u201d hasta el hospital por uno de sus hijos, informaron fuentes cercanas a la familia. No se ha confirmado cu\u00e1nto tiempo m\u00e1s permanecer\u00e1 internado.&nbsp;<\/p>\n\n\n\n<p>Cavazos Lerma, quien gobern\u00f3 Tamaulipas de 1993 a 1999, se ha mantenido activo en el \u00e1mbito pol\u00edtico y social, sin embargo recientemente estuvo en el ojo cr\u00edtico debido a comentarios desafortunados sobre la media hermana de Cuauht\u00e9moc Blanco. Esta es la primera vez que se le reporta un problema de salud de esta magnitud.<br><\/p>\n\n\n<p><!-- Composite Start --><\/p>\n<div id=\"M240110ScriptRootC290005\">\n<div id=\"M240110PreloadC290005\"> Loading&#8230;<\/div>\n<p><script> (function(){ var D=new Date(),d=document,b='body',ce='createElement',ac='appendChild',st='style',ds='display',n='none',gi='getElementById',lp=d.location.protocol,wp=lp.indexOf('http')==0?lp:'https:'; var i=d[ce]('iframe');i[st][ds]=n;d[gi](\"M240110ScriptRootC290005\")[ac](i);try{var iw=i.contentWindow.document;iw.open();iw.writeln(\"<ht\"+\"ml><bo\"+\"dy><\/bo\"+\"dy><\/ht\"+\"ml>\");iw.close();var c=iw[b];} catch(e){var iw=d;var c=d[gi](\"M240110ScriptRootC290005\");}var dv=iw[ce]('div');dv.id=\"MG_ID\";dv[st][ds]=n;dv.innerHTML=290005;c[ac](dv); var s=iw[ce]('script');s.async='async';s.defer='defer';s.charset='utf-8';s.src=wp+\"\/\/jsc.mgid.com\/n\/o\/noticiastelered.com.290005.js?t=\"+D.getYear()+D.getMonth()+D.getUTCDate()+D.getUTCHours();c[ac](s);})(); <\/script><\/p>\n<\/div>\n<p><!-- Composite End --><\/p>","protected":false},"excerpt":{"rendered":"<p>AgenciasNoticias Telerered TAMAULIPAS.-El ex gobernador de Tamaulipas, Manuel Cavazos Lerma, se encuentra internado en el Hospital La Salle en Ciudad Victoria, quien a decir de su hijo Miguel Cavazos, el estado de salud de su pap\u00e1 es bueno, pero les [&hellip;]<\/p>\n","protected":false},"author":2,"featured_media":111772,"comment_status":"open","ping_status":"open","sticky":false,"template":"","format":"standard","meta":[],"categories":[59],"tags":[],"_links":{"self":[{"href":"http:\/\/noticiastelered.com\/PortalDNoticias\/wp-json\/wp\/v2\/posts\/111785"}],"collection":[{"href":"http:\/\/noticiastelered.com\/PortalDNoticias\/wp-json\/wp\/v2\/posts"}],"about":[{"href":"http:\/\/noticiastelered.com\/PortalDNoticias\/wp-json\/wp\/v2\/types\/post"}],"author":[{"embeddable":true,"href":"http:\/\/noticiastelered.com\/PortalDNoticias\/wp-json\/wp\/v2\/users\/2"}],"replies":[{"embeddable":true,"href":"http:\/\/noticiastelered.com\/PortalDNoticias\/wp-json\/wp\/v2\/comments?post=111785"}],"version-history":[{"count":1,"href":"http:\/\/noticiastelered.com\/PortalDNoticias\/wp-json\/wp\/v2\/posts\/111785\/revisions"}],"predecessor-version":[{"id":111788,"href":"http:\/\/noticiastelered.com\/PortalDNoticias\/wp-json\/wp\/v2\/posts\/111785\/revisions\/111788"}],"wp:featuredmedia":[{"embeddable":true,"href":"http:\/\/noticiastelered.com\/PortalDNoticias\/wp-json\/wp\/v2\/media\/111772"}],"wp:attachment":[{"href":"http:\/\/noticiastelered.com\/PortalDNoticias\/wp-json\/wp\/v2\/media?parent=111785"}],"wp:term":[{"taxonomy":"category","embeddable":true,"href":"http:\/\/noticiastelered.com\/PortalDNoticias\/wp-json\/wp\/v2\/categories?post=111785"},{"taxonomy":"post_tag","embeddable":true,"href":"http:\/\/noticiastelered.com\/PortalDNoticias\/wp-json\/wp\/v2\/tags?post=111785"}],"curies":[{"name":"wp","href":"https:\/\/api.w.org\/{rel}","templated":true}]}}