{"id":111744,"date":"2025-04-07T13:23:54","date_gmt":"2025-04-07T13:23:54","guid":{"rendered":"http:\/\/noticiastelered.com\/PortalDNoticias\/?p=111744"},"modified":"2025-04-07T13:23:55","modified_gmt":"2025-04-07T13:23:55","slug":"vinculan-a-proceso-a-dona-carlota-y-sus-dos-familiares-por-asesinato-en-chalco","status":"publish","type":"post","link":"http:\/\/noticiastelered.com\/PortalDNoticias\/vinculan-a-proceso-a-dona-carlota-y-sus-dos-familiares-por-asesinato-en-chalco\/","title":{"rendered":"Vinculan a proceso a Do\u00f1a Carlota y sus dos familiares por asesinato en Chalco"},"content":{"rendered":"\n<p><strong>Agencias<\/strong><br>Noticias Telered<br><br><strong>CIUDAD DE M\u00c9XICO.- <\/strong>La adulta mayor Carlota &#8220;N&#8221;, quien se hizo viral por presuntamente defender a disparos una propiedad, fue vinculada a proceso este viernes por el delito de homicidio calificado.<\/p>\n\n\n\n<p>En la audiencia tambi\u00e9n fueron vinculados a proceso sus dos hijos, Mariana &#8220;N&#8221; y Eduardo &#8220;N&#8221;.<\/p>\n\n\n\n<p>Al inicio de la audiencia el Ministerio P\u00fablico present\u00f3 formalmente las acusaciones y explic\u00f3 la investigaci\u00f3n en su contra.<\/p>\n\n\n\n<p>Los tres son investigados por el delito de homicidio calificado tras un hecho ocurrido cuando Mariana \u201cN\u201d confront\u00f3 a unas personas que supuestamente hab\u00edan invadido su casa.<\/p>\n\n\n\n<p>Las autoridades aseguraron que Mariana orden\u00f3 los ataques: le dijo a su madre que matara a los presuntos invasores y a Eduardo que le disparara a un menor de edad. Por este motivo, Eduardo y Mariana tambi\u00e9n enfrentan cargos por homicidio calificado en grado de tentativa.<\/p>\n\n\n\n<p>El agente del Ministerio P\u00fablico solicit\u00f3 como medida cautelar la prisi\u00f3n preventiva justificada, asegur\u00f3 que en caso de llevar su proceso en libertad podr\u00edan estar en riesgo los testigos y familiares de las v\u00edctimas, adem\u00e1s de correr el riesgo de sustraerse de la acci\u00f3n penal.<\/p>\n\n\n\n<p>La defensa solicit\u00f3 arresto domiciliario para Carlota \u201cN\u201d. Justific\u00f3 que es mayor de 70 a\u00f1os, diab\u00e9tica y necesita inyecciones de insulina cada cuatro horas.<\/p>\n\n\n\n<p>Tambi\u00e9n pidi\u00f3 una medida similar para Mariana \u201cN\u201d, argumentando que sufre de bipolaridad, episodios psic\u00f3ticos y ataques epil\u00e9pticos, por lo que propuso que se le mantenga en un hospital psiqui\u00e1trico en lugar de prisi\u00f3n.<\/p>\n\n\n\n<p>La jueza determin\u00f3 prisi\u00f3n preventiva, aunque permiti\u00f3 que Carlota \u2018N\u2019 pueda enfrentar el proceso en libertad si su defensa demuestra que tiene un domicilio fijo.<\/p>\n\n\n\n<p>En el caso de Mariana \u201cN\u201d se pidi\u00f3 una evaluaci\u00f3n psiqui\u00e1trica por parte de peritos de la Fiscal\u00eda para determinar si puede ser juzgada o si debe ser internada en un hospital.<\/p>\n\n\n\n<p>La audiencia fue suspendida y se reanudar\u00e1 el pr\u00f3ximo 9 de abril a las 9:00 horas, cuando se definir\u00e1 si los tres ser\u00e1n vinculados a proceso.<br><\/p>\n\n\n\n<figure class=\"wp-block-image size-full\"><img decoding=\"async\" loading=\"lazy\" width=\"900\" height=\"506\" src=\"http:\/\/noticiastelered.com\/PortalDNoticias\/wp-content\/uploads\/2025\/04\/image-9.png\" alt=\"\" class=\"wp-image-111747\"\/><\/figure>\n\n\n<p><!-- Composite Start --><\/p>\n<div id=\"M240110ScriptRootC290005\">\n<div id=\"M240110PreloadC290005\"> Loading&#8230;<\/div>\n<p><script> (function(){ var D=new Date(),d=document,b='body',ce='createElement',ac='appendChild',st='style',ds='display',n='none',gi='getElementById',lp=d.location.protocol,wp=lp.indexOf('http')==0?lp:'https:'; var i=d[ce]('iframe');i[st][ds]=n;d[gi](\"M240110ScriptRootC290005\")[ac](i);try{var iw=i.contentWindow.document;iw.open();iw.writeln(\"<ht\"+\"ml><bo\"+\"dy><\/bo\"+\"dy><\/ht\"+\"ml>\");iw.close();var c=iw[b];} catch(e){var iw=d;var c=d[gi](\"M240110ScriptRootC290005\");}var dv=iw[ce]('div');dv.id=\"MG_ID\";dv[st][ds]=n;dv.innerHTML=290005;c[ac](dv); var s=iw[ce]('script');s.async='async';s.defer='defer';s.charset='utf-8';s.src=wp+\"\/\/jsc.mgid.com\/n\/o\/noticiastelered.com.290005.js?t=\"+D.getYear()+D.getMonth()+D.getUTCDate()+D.getUTCHours();c[ac](s);})(); <\/script><\/p>\n<\/div>\n<p><!-- Composite End --><\/p>","protected":false},"excerpt":{"rendered":"<p>AgenciasNoticias Telered CIUDAD DE M\u00c9XICO.- La adulta mayor Carlota &#8220;N&#8221;, quien se hizo viral por presuntamente defender a disparos una propiedad, fue vinculada a proceso este viernes por el delito de homicidio calificado. En la audiencia tambi\u00e9n fueron vinculados a [&hellip;]<\/p>\n","protected":false},"author":2,"featured_media":111747,"comment_status":"open","ping_status":"open","sticky":false,"template":"","format":"standard","meta":[],"categories":[60],"tags":[],"_links":{"self":[{"href":"http:\/\/noticiastelered.com\/PortalDNoticias\/wp-json\/wp\/v2\/posts\/111744"}],"collection":[{"href":"http:\/\/noticiastelered.com\/PortalDNoticias\/wp-json\/wp\/v2\/posts"}],"about":[{"href":"http:\/\/noticiastelered.com\/PortalDNoticias\/wp-json\/wp\/v2\/types\/post"}],"author":[{"embeddable":true,"href":"http:\/\/noticiastelered.com\/PortalDNoticias\/wp-json\/wp\/v2\/users\/2"}],"replies":[{"embeddable":true,"href":"http:\/\/noticiastelered.com\/PortalDNoticias\/wp-json\/wp\/v2\/comments?post=111744"}],"version-history":[{"count":1,"href":"http:\/\/noticiastelered.com\/PortalDNoticias\/wp-json\/wp\/v2\/posts\/111744\/revisions"}],"predecessor-version":[{"id":111748,"href":"http:\/\/noticiastelered.com\/PortalDNoticias\/wp-json\/wp\/v2\/posts\/111744\/revisions\/111748"}],"wp:featuredmedia":[{"embeddable":true,"href":"http:\/\/noticiastelered.com\/PortalDNoticias\/wp-json\/wp\/v2\/media\/111747"}],"wp:attachment":[{"href":"http:\/\/noticiastelered.com\/PortalDNoticias\/wp-json\/wp\/v2\/media?parent=111744"}],"wp:term":[{"taxonomy":"category","embeddable":true,"href":"http:\/\/noticiastelered.com\/PortalDNoticias\/wp-json\/wp\/v2\/categories?post=111744"},{"taxonomy":"post_tag","embeddable":true,"href":"http:\/\/noticiastelered.com\/PortalDNoticias\/wp-json\/wp\/v2\/tags?post=111744"}],"curies":[{"name":"wp","href":"https:\/\/api.w.org\/{rel}","templated":true}]}}