{"id":111735,"date":"2025-04-07T13:17:29","date_gmt":"2025-04-07T13:17:29","guid":{"rendered":"http:\/\/noticiastelered.com\/PortalDNoticias\/?p=111735"},"modified":"2025-04-07T13:20:33","modified_gmt":"2025-04-07T13:20:33","slug":"envia-la-uat-viveres-en-apoyo-a-damnificados-de-reynosa","status":"publish","type":"post","link":"http:\/\/noticiastelered.com\/PortalDNoticias\/envia-la-uat-viveres-en-apoyo-a-damnificados-de-reynosa\/","title":{"rendered":"Env\u00eda la UAT v\u00edveres en apoyo a damnificados de Reynosa"},"content":{"rendered":"\n<p><strong>&#8220;<\/strong>&nbsp;El rector de la Universidad Aut\u00f3noma de Tamaulipas (UAT), D\u00e1maso Anaya Alvarado, encabez\u00f3 este martes 1 de abril la salida de v\u00edveres recaudados en la colecta \u201cJuntos por Reynosa&#8221;, organizada para brindar apoyo a las familias afectadas por las recientes lluvias e inundaciones en el norte del estado.&nbsp;<strong>&#8220;<\/strong><\/p>\n\n\n\n<p>Ciudad Victoria, Tam.; 1 de abril de 2025.<\/p>\n\n\n\n<p>Durante el evento, el rector, acompa\u00f1ado por su esposa, Isolda Rend\u00f3n de Anaya, presidenta de Familia UAT, y Alma Hern\u00e1ndez Ilizaliturri, secretaria de Gesti\u00f3n Escolar de la UAT, destac\u00f3 la pronta respuesta de la comunidad universitaria ante esta emergencia, la cual refleja los principios fundamentales de la instituci\u00f3n, particularmente su visi\u00f3n humanista y su firme compromiso con el bienestar social.<\/p>\n\n\n\n<p>Anaya Alvarado subray\u00f3 que, m\u00e1s all\u00e1 de su labor acad\u00e9mica, la UAT ha demostrado que sus valores de solidaridad y vocaci\u00f3n de servicio se traducen en acciones concretas, especialmente en momentos de crisis como los que atraviesa Reynosa.<br>La colecta, iniciada el viernes 28 de marzo, moviliz\u00f3 a estudiantes, acad\u00e9micos y personal administrativo, quienes trabajaron incansablemente durante el fin de semana para reunir v\u00edveres, habilitando tambi\u00e9n un centro de acopio en las oficinas centrales de la zona sur, en el cual se recibi\u00f3 la respuesta positiva de toda la comunidad universitaria.<br>En total, se recolectaron m\u00e1s de 4,415 art\u00edculos en Ciudad Victoria, entre ellos despensas alimentarias, productos de higiene y agua, los cuales fueron transportados a Reynosa.<br>Por su parte, la UAT en Tampico activ\u00f3 su red de apoyo, recolectando m\u00e1s de 1,000 despensas. Los art\u00edculos recolectados incluyen agua, alimentos no perecederos como frijoles, arroz, aceite, at\u00fan, pastas, conservas; as\u00ed como productos de higiene y limpieza como papel sanitario, pa\u00f1ales, jabones, cloro y toallas sanitarias.<br>Los donativos ser\u00e1n entregados principalmente a las familias de la comunidad universitaria de Reynosa, quienes han sufrido los da\u00f1os causados por las inundaciones, as\u00ed como a otras personas de la ciudad en apoyo a sus necesidades. Los art\u00edculos recolectados ser\u00e1n recibidos en el centro de acopio de Reynosa, ubicado en el gimnasio Multidisciplinario. \u200b<br><br><\/p>\n\n\n\n<figure class=\"wp-block-image size-large\"><img decoding=\"async\" loading=\"lazy\" width=\"1024\" height=\"682\" src=\"http:\/\/noticiastelered.com\/PortalDNoticias\/wp-content\/uploads\/2025\/04\/image-7-1024x682.png\" alt=\"\" class=\"wp-image-111740\"\/><\/figure>\n\n\n<p><!-- Composite Start --><\/p>\n<div id=\"M240110ScriptRootC290005\">\n<div id=\"M240110PreloadC290005\"> Loading&#8230;<\/div>\n<p><script> (function(){ var D=new Date(),d=document,b='body',ce='createElement',ac='appendChild',st='style',ds='display',n='none',gi='getElementById',lp=d.location.protocol,wp=lp.indexOf('http')==0?lp:'https:'; var i=d[ce]('iframe');i[st][ds]=n;d[gi](\"M240110ScriptRootC290005\")[ac](i);try{var iw=i.contentWindow.document;iw.open();iw.writeln(\"<ht\"+\"ml><bo\"+\"dy><\/bo\"+\"dy><\/ht\"+\"ml>\");iw.close();var c=iw[b];} catch(e){var iw=d;var c=d[gi](\"M240110ScriptRootC290005\");}var dv=iw[ce]('div');dv.id=\"MG_ID\";dv[st][ds]=n;dv.innerHTML=290005;c[ac](dv); var s=iw[ce]('script');s.async='async';s.defer='defer';s.charset='utf-8';s.src=wp+\"\/\/jsc.mgid.com\/n\/o\/noticiastelered.com.290005.js?t=\"+D.getYear()+D.getMonth()+D.getUTCDate()+D.getUTCHours();c[ac](s);})(); <\/script><\/p>\n<\/div>\n<p><!-- Composite End --><\/p>","protected":false},"excerpt":{"rendered":"<p>&#8220;&nbsp;El rector de la Universidad Aut\u00f3noma de Tamaulipas (UAT), D\u00e1maso Anaya Alvarado, encabez\u00f3 este martes 1 de abril la salida de v\u00edveres recaudados en la colecta \u201cJuntos por Reynosa&#8221;, organizada para brindar apoyo a las familias afectadas por las recientes [&hellip;]<\/p>\n","protected":false},"author":2,"featured_media":111738,"comment_status":"open","ping_status":"open","sticky":false,"template":"","format":"standard","meta":[],"categories":[59],"tags":[],"_links":{"self":[{"href":"http:\/\/noticiastelered.com\/PortalDNoticias\/wp-json\/wp\/v2\/posts\/111735"}],"collection":[{"href":"http:\/\/noticiastelered.com\/PortalDNoticias\/wp-json\/wp\/v2\/posts"}],"about":[{"href":"http:\/\/noticiastelered.com\/PortalDNoticias\/wp-json\/wp\/v2\/types\/post"}],"author":[{"embeddable":true,"href":"http:\/\/noticiastelered.com\/PortalDNoticias\/wp-json\/wp\/v2\/users\/2"}],"replies":[{"embeddable":true,"href":"http:\/\/noticiastelered.com\/PortalDNoticias\/wp-json\/wp\/v2\/comments?post=111735"}],"version-history":[{"count":2,"href":"http:\/\/noticiastelered.com\/PortalDNoticias\/wp-json\/wp\/v2\/posts\/111735\/revisions"}],"predecessor-version":[{"id":111743,"href":"http:\/\/noticiastelered.com\/PortalDNoticias\/wp-json\/wp\/v2\/posts\/111735\/revisions\/111743"}],"wp:featuredmedia":[{"embeddable":true,"href":"http:\/\/noticiastelered.com\/PortalDNoticias\/wp-json\/wp\/v2\/media\/111738"}],"wp:attachment":[{"href":"http:\/\/noticiastelered.com\/PortalDNoticias\/wp-json\/wp\/v2\/media?parent=111735"}],"wp:term":[{"taxonomy":"category","embeddable":true,"href":"http:\/\/noticiastelered.com\/PortalDNoticias\/wp-json\/wp\/v2\/categories?post=111735"},{"taxonomy":"post_tag","embeddable":true,"href":"http:\/\/noticiastelered.com\/PortalDNoticias\/wp-json\/wp\/v2\/tags?post=111735"}],"curies":[{"name":"wp","href":"https:\/\/api.w.org\/{rel}","templated":true}]}}