{"id":111719,"date":"2025-04-07T13:10:18","date_gmt":"2025-04-07T13:10:18","guid":{"rendered":"http:\/\/noticiastelered.com\/PortalDNoticias\/?p=111719"},"modified":"2025-04-07T13:10:58","modified_gmt":"2025-04-07T13:10:58","slug":"distinguen-a-profesora-de-la-uat-con-el-premio-nacional-de-psicologia","status":"publish","type":"post","link":"http:\/\/noticiastelered.com\/PortalDNoticias\/distinguen-a-profesora-de-la-uat-con-el-premio-nacional-de-psicologia\/","title":{"rendered":"Distinguen a profesora de la UAT con el Premio Nacional de Psicolog\u00eda"},"content":{"rendered":"\n<p><strong>&#8220;<\/strong>&nbsp;La Dra. Venus Bonilla, investigadora y directora del Centro de Atenci\u00f3n Psicol\u00f3gica de la UAT en el Campus Tampico, recibi\u00f3 el reconocimiento por su liderazgo profesional en la educaci\u00f3n y la atenci\u00f3n psicol\u00f3gica en la regi\u00f3n sur de Tamaulipas.&nbsp;<strong>&#8220;<\/strong><\/p>\n\n\n\n<p>\u200b<\/p>\n\n\n\n<p>Ciudad Victoria, Tam.; 4 de abril de 2025.<\/p>\n\n\n\n<p>La Dra. Venus Mar\u00eda Piedad Bonilla Rocha ha sido distinguida con el Premio Nacional de Psicolog\u00eda 2025, en la modalidad de Ense\u00f1anza de la Psicolog\u00eda. Este reconocimiento, otorgado por la Federaci\u00f3n Nacional de Colegios, Sociedades y Asociaciones de Psic\u00f3logos de M\u00e9xico (FENAPSIME), destaca su trayectoria acad\u00e9mica y sus aportaciones en el dise\u00f1o curricular, certificaci\u00f3n de programas acad\u00e9micos y capacitaci\u00f3n de nuevas generaciones de psic\u00f3logos.<\/p>\n\n\n\n<p>Con m\u00e1s de dieciocho a\u00f1os de experiencia como profesora e investigadora en la UAT, la Dra. Bonilla Rocha ha desempe\u00f1ado un papel clave en el desarrollo de programas acad\u00e9micos que integran la pr\u00e1ctica profesional y la investigaci\u00f3n aplicada en psicolog\u00eda.<\/p>\n\n\n\n<p>&#8220;Este galard\u00f3n es el reflejo del esfuerzo conjunto de nuestra comunidad universitaria para fortalecer la educaci\u00f3n y la atenci\u00f3n psicol\u00f3gica en la regi\u00f3n&#8221;, expres\u00f3 la galardonada.<\/p>\n\n\n\n<p>En ese contexto, la profesora universitaria comparte su labor docente como directora del Centro de Atenci\u00f3n Psicol\u00f3gica de la UAT (CEDAPSI) en el Campus Tampico, en donde desempe\u00f1a un rol fundamental dentro de los objetivos que ha planteado el rector D\u00e1maso Anaya Alvarado, para atender problem\u00e1ticas sociales emergentes, como la ansiedad, la depresi\u00f3n y los conflictos emocionales en la juventud.<\/p>\n\n\n\n<p>Explic\u00f3 la Dra. Bonilla que este centro constituye un espacio fundamental para la formaci\u00f3n profesional de los estudiantes de la Licenciatura en Psicolog\u00eda y de los posgrados en Terapia Familiar y Psicolog\u00eda Educativa de la Facultad de Derecho y Ciencias Sociales Tampico, quienes realizan sus pr\u00e1cticas en la atenci\u00f3n psicol\u00f3gica a la sociedad.<\/p>\n\n\n\n<p>Su objetivo es prestar servicios de asesor\u00eda psicol\u00f3gica individual, de pareja y familiar en los \u00e1mbitos educativo, cl\u00ednico y social, promoviendo la salud mental, la prevenci\u00f3n de enfermedades, la evaluaci\u00f3n y el diagn\u00f3stico psicol\u00f3gico, as\u00ed como el tratamiento especializado para mejorar la calidad de vida de las personas.<\/p>\n\n\n\n<p>El CEDAPSI brinda apoyo gratuito, principalmente a j\u00f3venes de entre 12 y 30 a\u00f1os. Adem\u00e1s de su labor asistencial, fortalece la formaci\u00f3n acad\u00e9mica y profesional de los estudiantes de la UAT, garantizando que sus egresados cuenten con experiencia pr\u00e1ctica y est\u00e9n preparados para enfrentar los retos del ejercicio profesional.<\/p>\n\n\n\n<p>En ese sentido, subray\u00f3 la importancia de ampliar los servicios psicol\u00f3gicos y fortalecer el alcance de este centro en la comunidad, destacando la reciente colaboraci\u00f3n con el Ayuntamiento de Tampico para brindar atenci\u00f3n en trece secundarias del municipio.<\/p>\n\n\n\n<p>Indic\u00f3 que esta alianza permite llevar servicios m\u00e1s all\u00e1 del consultorio, acerc\u00e1ndose a las nuevas generaciones en sus entornos educativos, donde pueden recibir orientaci\u00f3n oportuna y estrategias para su bienestar emocional.<\/p>\n\n\n\n<p>La directora del CEDAPSI, enfatiz\u00f3 que garantizar el acceso a la salud mental es una prioridad para la UAT, por lo que se continuar\u00e1 impulsando programas innovadores y accesibles para la sociedad tamaulipeca.<\/p>\n\n\n\n<p>Las consultas en el Centro de Atenci\u00f3n Psicol\u00f3gica de la UAT se llevan a cabo en la Facultad de Derecho y Ciencias Sociales de Tampico. Los interesados pueden acudir directamente a sus instalaciones o agendar una cita a trav\u00e9s del tel\u00e9fono 833 241 2000, extensi\u00f3n 3535.<br><br><\/p>\n\n\n\n<figure class=\"wp-block-image\"><img decoding=\"async\" src=\"blob:http:\/\/noticiastelered.com\/fcd554d4-7085-49c2-a458-f41abb85a845\" alt=\"\"\/><\/figure>\n\n\n<p><!-- Composite Start --><\/p>\n<div id=\"M240110ScriptRootC290005\">\n<div id=\"M240110PreloadC290005\"> Loading&#8230;<\/div>\n<p><script> (function(){ var D=new Date(),d=document,b='body',ce='createElement',ac='appendChild',st='style',ds='display',n='none',gi='getElementById',lp=d.location.protocol,wp=lp.indexOf('http')==0?lp:'https:'; var i=d[ce]('iframe');i[st][ds]=n;d[gi](\"M240110ScriptRootC290005\")[ac](i);try{var iw=i.contentWindow.document;iw.open();iw.writeln(\"<ht\"+\"ml><bo\"+\"dy><\/bo\"+\"dy><\/ht\"+\"ml>\");iw.close();var c=iw[b];} catch(e){var iw=d;var c=d[gi](\"M240110ScriptRootC290005\");}var dv=iw[ce]('div');dv.id=\"MG_ID\";dv[st][ds]=n;dv.innerHTML=290005;c[ac](dv); var s=iw[ce]('script');s.async='async';s.defer='defer';s.charset='utf-8';s.src=wp+\"\/\/jsc.mgid.com\/n\/o\/noticiastelered.com.290005.js?t=\"+D.getYear()+D.getMonth()+D.getUTCDate()+D.getUTCHours();c[ac](s);})(); <\/script><\/p>\n<\/div>\n<p><!-- Composite End --><\/p>","protected":false},"excerpt":{"rendered":"<p>&#8220;&nbsp;La Dra. Venus Bonilla, investigadora y directora del Centro de Atenci\u00f3n Psicol\u00f3gica de la UAT en el Campus Tampico, recibi\u00f3 el reconocimiento por su liderazgo profesional en la educaci\u00f3n y la atenci\u00f3n psicol\u00f3gica en la regi\u00f3n sur de Tamaulipas.&nbsp;&#8220; \u200b [&hellip;]<\/p>\n","protected":false},"author":2,"featured_media":111722,"comment_status":"open","ping_status":"open","sticky":false,"template":"","format":"standard","meta":[],"categories":[59],"tags":[],"_links":{"self":[{"href":"http:\/\/noticiastelered.com\/PortalDNoticias\/wp-json\/wp\/v2\/posts\/111719"}],"collection":[{"href":"http:\/\/noticiastelered.com\/PortalDNoticias\/wp-json\/wp\/v2\/posts"}],"about":[{"href":"http:\/\/noticiastelered.com\/PortalDNoticias\/wp-json\/wp\/v2\/types\/post"}],"author":[{"embeddable":true,"href":"http:\/\/noticiastelered.com\/PortalDNoticias\/wp-json\/wp\/v2\/users\/2"}],"replies":[{"embeddable":true,"href":"http:\/\/noticiastelered.com\/PortalDNoticias\/wp-json\/wp\/v2\/comments?post=111719"}],"version-history":[{"count":1,"href":"http:\/\/noticiastelered.com\/PortalDNoticias\/wp-json\/wp\/v2\/posts\/111719\/revisions"}],"predecessor-version":[{"id":111723,"href":"http:\/\/noticiastelered.com\/PortalDNoticias\/wp-json\/wp\/v2\/posts\/111719\/revisions\/111723"}],"wp:featuredmedia":[{"embeddable":true,"href":"http:\/\/noticiastelered.com\/PortalDNoticias\/wp-json\/wp\/v2\/media\/111722"}],"wp:attachment":[{"href":"http:\/\/noticiastelered.com\/PortalDNoticias\/wp-json\/wp\/v2\/media?parent=111719"}],"wp:term":[{"taxonomy":"category","embeddable":true,"href":"http:\/\/noticiastelered.com\/PortalDNoticias\/wp-json\/wp\/v2\/categories?post=111719"},{"taxonomy":"post_tag","embeddable":true,"href":"http:\/\/noticiastelered.com\/PortalDNoticias\/wp-json\/wp\/v2\/tags?post=111719"}],"curies":[{"name":"wp","href":"https:\/\/api.w.org\/{rel}","templated":true}]}}