{"id":111709,"date":"2025-04-07T13:00:52","date_gmt":"2025-04-07T13:00:52","guid":{"rendered":"http:\/\/noticiastelered.com\/PortalDNoticias\/?p=111709"},"modified":"2025-04-07T13:05:32","modified_gmt":"2025-04-07T13:05:32","slug":"aprueba-la-asamblea-universitaria-la-creacion-de-la-fundacion-uat","status":"publish","type":"post","link":"http:\/\/noticiastelered.com\/PortalDNoticias\/aprueba-la-asamblea-universitaria-la-creacion-de-la-fundacion-uat\/","title":{"rendered":"Aprueba la Asamblea Universitaria la creaci\u00f3n de la Fundaci\u00f3n UAT"},"content":{"rendered":"\n<p><strong>&#8220;<\/strong>&nbsp;La Asamblea de la Universidad Aut\u00f3noma de Tamaulipas aprob\u00f3 la creaci\u00f3n de la Fundaci\u00f3n UAT, cuyo prop\u00f3sito principal ser\u00e1 la promoci\u00f3n, apoyo e impulso de las actividades sustantivas de la m\u00e1xima casa de estudios del estado.&nbsp;<strong>&#8220;<\/strong><\/p>\n\n\n\n<p>\u200b<\/p>\n\n\n\n<p>Ciudad Victoria, Tam.; 6 de abril de 2025.<\/p>\n\n\n\n<p>Al presidir la sesi\u00f3n de asamble\u00edstas en el Campus Victoria, celebrada en la modalidad a distancia, el rector D\u00e1maso Anaya Alvarado destac\u00f3 que la Fundaci\u00f3n UAT contribuir\u00e1 en fortalecer los programas y servicios educativos que se ofrecen a la sociedad tamaulipeca.<\/p>\n\n\n\n<p>De igual manera, subray\u00f3 que abrir\u00e1 opciones para la promoci\u00f3n de actividades de investigaci\u00f3n cient\u00edfica para formar profesionistas, investigadores, profesores universitarios y t\u00e9cnicos \u00fatiles a la sociedad.<\/p>\n\n\n\n<p>Tambi\u00e9n permitir\u00e1 llevar a cabo actividades en beneficio de la sociedad en general, en \u00e1mbitos como la equidad de g\u00e9nero, la participaci\u00f3n c\u00edvica y la ecolog\u00eda, adem\u00e1s de difundir ampliamente los beneficios de la cultura y en fortalecer la imagen institucional.<\/p>\n\n\n\n<p>Durante la sesi\u00f3n, el rector puso en relieve la importancia de los acuerdos que se toman en este \u00f3rgano colegiado, lo que permite estar a la vanguardia en reglamentos y normativas para responder a las necesidades de la educaci\u00f3n superior.<\/p>\n\n\n\n<p>En este marco, la Asamblea Universitaria aprob\u00f3 modificaciones al reglamento de personal acad\u00e9mico y la propuesta de nombrar presidenta honoraria de Familia UAT a la Lic. Isolda Rend\u00f3n Monterrey, con lo cual la Universidad reforzar\u00e1 las acciones sociales que realiza a favor de la comunidad en general.<\/p>\n\n\n\n<p>Entre otros puntos, se aval\u00f3 la solicitud de la Facultad de M\u00fasica y Artes \u201cMtro. Manuel Barroso Ram\u00edrez&#8221; para ofrecer a sus egresados opciones adicionales de titulaci\u00f3n.<br><\/p>\n\n\n\n<figure class=\"wp-block-image size-large\"><img decoding=\"async\" loading=\"lazy\" width=\"1024\" height=\"683\" src=\"http:\/\/noticiastelered.com\/PortalDNoticias\/wp-content\/uploads\/2025\/04\/image-1024x683.png\" alt=\"\" class=\"wp-image-111712\"\/><\/figure>\n\n\n<p><!-- Composite Start --><\/p>\n<div id=\"M240110ScriptRootC290005\">\n<div id=\"M240110PreloadC290005\"> Loading&#8230;<\/div>\n<p><script> (function(){ var D=new Date(),d=document,b='body',ce='createElement',ac='appendChild',st='style',ds='display',n='none',gi='getElementById',lp=d.location.protocol,wp=lp.indexOf('http')==0?lp:'https:'; var i=d[ce]('iframe');i[st][ds]=n;d[gi](\"M240110ScriptRootC290005\")[ac](i);try{var iw=i.contentWindow.document;iw.open();iw.writeln(\"<ht\"+\"ml><bo\"+\"dy><\/bo\"+\"dy><\/ht\"+\"ml>\");iw.close();var c=iw[b];} catch(e){var iw=d;var c=d[gi](\"M240110ScriptRootC290005\");}var dv=iw[ce]('div');dv.id=\"MG_ID\";dv[st][ds]=n;dv.innerHTML=290005;c[ac](dv); var s=iw[ce]('script');s.async='async';s.defer='defer';s.charset='utf-8';s.src=wp+\"\/\/jsc.mgid.com\/n\/o\/noticiastelered.com.290005.js?t=\"+D.getYear()+D.getMonth()+D.getUTCDate()+D.getUTCHours();c[ac](s);})(); <\/script><\/p>\n<\/div>\n<p><!-- Composite End --><\/p>","protected":false},"excerpt":{"rendered":"<p>&#8220;&nbsp;La Asamblea de la Universidad Aut\u00f3noma de Tamaulipas aprob\u00f3 la creaci\u00f3n de la Fundaci\u00f3n UAT, cuyo prop\u00f3sito principal ser\u00e1 la promoci\u00f3n, apoyo e impulso de las actividades sustantivas de la m\u00e1xima casa de estudios del estado.&nbsp;&#8220; \u200b Ciudad Victoria, Tam.; [&hellip;]<\/p>\n","protected":false},"author":2,"featured_media":111712,"comment_status":"open","ping_status":"open","sticky":false,"template":"","format":"standard","meta":[],"categories":[59],"tags":[],"_links":{"self":[{"href":"http:\/\/noticiastelered.com\/PortalDNoticias\/wp-json\/wp\/v2\/posts\/111709"}],"collection":[{"href":"http:\/\/noticiastelered.com\/PortalDNoticias\/wp-json\/wp\/v2\/posts"}],"about":[{"href":"http:\/\/noticiastelered.com\/PortalDNoticias\/wp-json\/wp\/v2\/types\/post"}],"author":[{"embeddable":true,"href":"http:\/\/noticiastelered.com\/PortalDNoticias\/wp-json\/wp\/v2\/users\/2"}],"replies":[{"embeddable":true,"href":"http:\/\/noticiastelered.com\/PortalDNoticias\/wp-json\/wp\/v2\/comments?post=111709"}],"version-history":[{"count":1,"href":"http:\/\/noticiastelered.com\/PortalDNoticias\/wp-json\/wp\/v2\/posts\/111709\/revisions"}],"predecessor-version":[{"id":111713,"href":"http:\/\/noticiastelered.com\/PortalDNoticias\/wp-json\/wp\/v2\/posts\/111709\/revisions\/111713"}],"wp:featuredmedia":[{"embeddable":true,"href":"http:\/\/noticiastelered.com\/PortalDNoticias\/wp-json\/wp\/v2\/media\/111712"}],"wp:attachment":[{"href":"http:\/\/noticiastelered.com\/PortalDNoticias\/wp-json\/wp\/v2\/media?parent=111709"}],"wp:term":[{"taxonomy":"category","embeddable":true,"href":"http:\/\/noticiastelered.com\/PortalDNoticias\/wp-json\/wp\/v2\/categories?post=111709"},{"taxonomy":"post_tag","embeddable":true,"href":"http:\/\/noticiastelered.com\/PortalDNoticias\/wp-json\/wp\/v2\/tags?post=111709"}],"curies":[{"name":"wp","href":"https:\/\/api.w.org\/{rel}","templated":true}]}}