{"id":111704,"date":"2025-04-03T19:36:41","date_gmt":"2025-04-03T19:36:41","guid":{"rendered":"http:\/\/noticiastelered.com\/PortalDNoticias\/?p=111704"},"modified":"2025-04-03T19:36:41","modified_gmt":"2025-04-03T19:36:41","slug":"venimos-por-todos-los-de-laredo-violencia-policiaca-amenaza-la-anam-y-al-comercio-fronterizo","status":"publish","type":"post","link":"http:\/\/noticiastelered.com\/PortalDNoticias\/venimos-por-todos-los-de-laredo-violencia-policiaca-amenaza-la-anam-y-al-comercio-fronterizo\/","title":{"rendered":"&#8220;Venimos por todos los de Laredo&#8221;: violencia policiaca amenaza la ANAM y al comercio fronterizo."},"content":{"rendered":"\n<p><br><br>&nbsp;<br>Nuevo Laredo, Tamaulipas a 3 de abril de 2025.\u2013 La Agencia Nacional de Aduanas de M\u00e9xico (ANAM) enfrenta un riesgo significativo ante el eventual incremento de la violencia en la regi\u00f3n, atribuida a la operaci\u00f3n del grupo de Fuerzas Especiales de la Guardia Estatal (GEFES) dependiente de la Secretar\u00eda de Seguridad P\u00fablica del Estado de Tamaulipas el cual act\u00faa al margen de la ley y pone en peligro a empleados, transportistas y empresarios que llegar\u00e1n a la ciudad para el evento organizado por esta dependencia federal.<br>&nbsp;<br>Las Fuerzas Especiales de la Guardia Estatal (GEFES) son el grupo \u201cheredero\u201d del CAIET y GOPES, involucrados en masacres en Nuevo Laredo y Camargo, donde ejecutaron a j\u00f3venes secuestrados y a 19 migrantes, as\u00ed como en m\u00faltiples denuncias por abuso de autoridad, secuestros y otros delitos de alto impacto.<br>&nbsp;<br>El m\u00e1s reciente incidente ocurri\u00f3 cuando Christopher, un adolescente de 17 a\u00f1os, fue brutalmente golpeado por elementos de las Fuerzas Especiales de la Guardia Estatal. El ataque ocurri\u00f3 apenas tres horas despu\u00e9s de que los GAFES arribaran a Nuevo Laredo. Seg\u00fan el testimonio del menor, la agresi\u00f3n ocurri\u00f3 en la colonia Las Torres, donde fue interceptado bajo el pretexto de una revisi\u00f3n de rutina.<br>&nbsp;<br>La situaci\u00f3n r\u00e1pidamente escal\u00f3 a una golpiza brutal. Christopher relat\u00f3 que, tras mostrar su celular y 530 pesos en efectivo, uno de los agentes lo golpe\u00f3 en la boca y lo asfixi\u00f3 mientras lo acusaban sin pruebas. \u201cUno me dijo: \u2018Venimos por todos los de Laredo\u2019\u201d, denunci\u00f3 el joven, destacando el miedo que generan estos cuerpos policiacos en la regi\u00f3n.<br>&nbsp;<br>El ataque dur\u00f3 alrededor de 12 minutos frente a las patrullas 1996 y 1927. A pesar de sus gritos pidiendo ayuda, los agentes amenazaron a su t\u00edo y a testigos para que no intervinieran. Finalmente, lo dejaron ir despu\u00e9s de robarle su dinero. Cabe recordar que estos cuerpos especiales, anteriormente conocidos como CAIET y GOPES, han sido autores de secuestros, homicidios y desapariciones forzadas en Tamaulipas.<\/p>\n\n\n\n<p>Un testigo, Ferm\u00edn, familiar de la v\u00edctima, declar\u00f3 ante la Fiscal\u00eda General de Justicia de Tamaulipas que el joven sali\u00f3 de la casa de su novia rumbo al trabajo cuando, minutos despu\u00e9s, observ\u00f3 una patrulla obstruyendo la vialidad en la calle Lucio Blanco. Al regresar a casa, Christopher relat\u00f3 que fue agredido por su apariencia f\u00edsica.<br \/>Ferm\u00edn agreg\u00f3 que pudo ver una patrulla cerrando el paso en la esquina de Lucio Blanco, mientras que otras personas que intentaban pasar fueron regresadas por los oficiales. Hasta el momento, las autoridades no han emitido una declaraci\u00f3n oficial sobre el incidente.&nbsp;<\/p>\n\n\n\n<p>El historial de abusos y violencia perpetrado por estos grupos no es nuevo. Casos como la masacre de Valles de An\u00e1huac en 2019, donde elementos del CAIET ejecutaron a j\u00f3venes secuestrados luego de vestirlos con uniformes falsos tipo militar y sembrarles armas para montar una escena de un supuesto enfrentamiento, han dejado claro el peligro que representan para la poblaci\u00f3n civil.<br>&nbsp;<br>Este contexto de violencia y abuso de poder representa una amenaza directa para el desarrollo de la Agencia Nacional de Aduanas en M\u00e9xico la ANAM la cual operar\u00e1 en Nuevo Laredo por la impunidad de estos actos, los cuales incrementan el temor de que la poblaci\u00f3n civil y de los empleados que vengan de otros estados a trabajar en la ANAM contin\u00faen siendo v\u00edctimas de las fuerzas que deber\u00edan garantizar la seguridad.<\/p>\n","protected":false},"excerpt":{"rendered":"<p>&nbsp;Nuevo Laredo, Tamaulipas a 3 de abril de 2025.\u2013 La Agencia Nacional de Aduanas de M\u00e9xico (ANAM) enfrenta un riesgo significativo ante el eventual incremento de la violencia en la regi\u00f3n, atribuida a la operaci\u00f3n del grupo de Fuerzas Especiales [&hellip;]<\/p>\n","protected":false},"author":2,"featured_media":111703,"comment_status":"closed","ping_status":"open","sticky":false,"template":"","format":"standard","meta":[],"categories":[77],"tags":[],"_links":{"self":[{"href":"http:\/\/noticiastelered.com\/PortalDNoticias\/wp-json\/wp\/v2\/posts\/111704"}],"collection":[{"href":"http:\/\/noticiastelered.com\/PortalDNoticias\/wp-json\/wp\/v2\/posts"}],"about":[{"href":"http:\/\/noticiastelered.com\/PortalDNoticias\/wp-json\/wp\/v2\/types\/post"}],"author":[{"embeddable":true,"href":"http:\/\/noticiastelered.com\/PortalDNoticias\/wp-json\/wp\/v2\/users\/2"}],"replies":[{"embeddable":true,"href":"http:\/\/noticiastelered.com\/PortalDNoticias\/wp-json\/wp\/v2\/comments?post=111704"}],"version-history":[{"count":1,"href":"http:\/\/noticiastelered.com\/PortalDNoticias\/wp-json\/wp\/v2\/posts\/111704\/revisions"}],"predecessor-version":[{"id":111705,"href":"http:\/\/noticiastelered.com\/PortalDNoticias\/wp-json\/wp\/v2\/posts\/111704\/revisions\/111705"}],"wp:featuredmedia":[{"embeddable":true,"href":"http:\/\/noticiastelered.com\/PortalDNoticias\/wp-json\/wp\/v2\/media\/111703"}],"wp:attachment":[{"href":"http:\/\/noticiastelered.com\/PortalDNoticias\/wp-json\/wp\/v2\/media?parent=111704"}],"wp:term":[{"taxonomy":"category","embeddable":true,"href":"http:\/\/noticiastelered.com\/PortalDNoticias\/wp-json\/wp\/v2\/categories?post=111704"},{"taxonomy":"post_tag","embeddable":true,"href":"http:\/\/noticiastelered.com\/PortalDNoticias\/wp-json\/wp\/v2\/tags?post=111704"}],"curies":[{"name":"wp","href":"https:\/\/api.w.org\/{rel}","templated":true}]}}