{"id":111683,"date":"2025-03-28T19:55:44","date_gmt":"2025-03-28T19:55:44","guid":{"rendered":"http:\/\/noticiastelered.com\/PortalDNoticias\/?p=111683"},"modified":"2025-03-28T19:55:44","modified_gmt":"2025-03-28T19:55:44","slug":"hugo-macay-impulsa-programa-federal-para-emprendedores-en-nuevo-laredo","status":"publish","type":"post","link":"http:\/\/noticiastelered.com\/PortalDNoticias\/hugo-macay-impulsa-programa-federal-para-emprendedores-en-nuevo-laredo\/","title":{"rendered":"]Hugo Macay impulsa programa federal para emprendedores en Nuevo Laredo"},"content":{"rendered":"\n<p><\/p>\n\n\n\n<p>Nuevo Laredo, Tamaulipas a 28 de marzo de 2025.- El pol\u00edtico neolaredense Hugo Macay ha gestionado un programa social del Gobierno Federal que busca fortalecer los negocios locales sin la necesidad de endeudarse. La iniciativa, impulsada por la Presidenta Claudia Sheinbaum, permite la formaci\u00f3n de cooperativas de cinco personas que pueden acceder a recursos a fondo perdido para iniciar proyectos o adquirir inventarios.<\/p>\n\n\n\n<p>El programa garantiza apoyo financiero sin requerir capital inicial ni acta constitutiva previa, lo que facilita el acceso a emprendedores de la regi\u00f3n. Adem\u00e1s, ofrece asesor\u00eda jur\u00eddica y financiera, capacitaci\u00f3n continua, cr\u00e9ditos accesibles y seguros m\u00e9dicos respaldados por un sindicato, promoviendo la formalizaci\u00f3n y el crecimiento de peque\u00f1os comercios.<\/p>\n\n\n\n<p>Este fin de semana, los d\u00edas 29 y 30 de marzo de 2025, se llevar\u00e1 a cabo el registro en el sal\u00f3n de eventos del hotel Western, ubicado en Paseo Col\u00f3n y avenida Reforma, para tener acceso a uno de los 50 apoyos bajo este esquema federal. Estar\u00e1 presente Hugo Macay y diputados federales de MORENA, quienes promover\u00e1n la incorporaci\u00f3n al programa, destacando su impacto econ\u00f3mico positivo.<\/p>\n\n\n\n<p>Los interesados deber\u00e1n conformar grupos de cinco personas, presentar documentaci\u00f3n b\u00e1sica como acta de nacimiento, INE, CURP y un proyecto, adem\u00e1s de afiliarse al programa. Durante el evento, se brindar\u00e1 orientaci\u00f3n sobre el proceso de solicitud y los beneficios adicionales, que incluyen capacitaci\u00f3n y apoyo t\u00e9cnico.<\/p>\n\n\n\n<p>Hugo Macay invit\u00f3 a la ciudadan\u00eda a participar, destacando que esta oportunidad permitir\u00e1 a muchos emprendedores locales mejorar su situaci\u00f3n econ\u00f3mica y desarrollar negocios sustentables sin el peso de la deuda. &#8220;Estamos trabajando para fortalecer la econom\u00eda de Nuevo Laredo y generar oportunidades reales para nuestras familias&#8221;, afirm\u00f3.<\/p>\n","protected":false},"excerpt":{"rendered":"<p>Nuevo Laredo, Tamaulipas a 28 de marzo de 2025.- El pol\u00edtico neolaredense Hugo Macay ha gestionado un programa social del Gobierno Federal que busca fortalecer los negocios locales sin la necesidad de endeudarse. La iniciativa, impulsada por la Presidenta Claudia [&hellip;]<\/p>\n","protected":false},"author":2,"featured_media":111682,"comment_status":"closed","ping_status":"open","sticky":false,"template":"","format":"standard","meta":[],"categories":[63],"tags":[],"_links":{"self":[{"href":"http:\/\/noticiastelered.com\/PortalDNoticias\/wp-json\/wp\/v2\/posts\/111683"}],"collection":[{"href":"http:\/\/noticiastelered.com\/PortalDNoticias\/wp-json\/wp\/v2\/posts"}],"about":[{"href":"http:\/\/noticiastelered.com\/PortalDNoticias\/wp-json\/wp\/v2\/types\/post"}],"author":[{"embeddable":true,"href":"http:\/\/noticiastelered.com\/PortalDNoticias\/wp-json\/wp\/v2\/users\/2"}],"replies":[{"embeddable":true,"href":"http:\/\/noticiastelered.com\/PortalDNoticias\/wp-json\/wp\/v2\/comments?post=111683"}],"version-history":[{"count":1,"href":"http:\/\/noticiastelered.com\/PortalDNoticias\/wp-json\/wp\/v2\/posts\/111683\/revisions"}],"predecessor-version":[{"id":111684,"href":"http:\/\/noticiastelered.com\/PortalDNoticias\/wp-json\/wp\/v2\/posts\/111683\/revisions\/111684"}],"wp:featuredmedia":[{"embeddable":true,"href":"http:\/\/noticiastelered.com\/PortalDNoticias\/wp-json\/wp\/v2\/media\/111682"}],"wp:attachment":[{"href":"http:\/\/noticiastelered.com\/PortalDNoticias\/wp-json\/wp\/v2\/media?parent=111683"}],"wp:term":[{"taxonomy":"category","embeddable":true,"href":"http:\/\/noticiastelered.com\/PortalDNoticias\/wp-json\/wp\/v2\/categories?post=111683"},{"taxonomy":"post_tag","embeddable":true,"href":"http:\/\/noticiastelered.com\/PortalDNoticias\/wp-json\/wp\/v2\/tags?post=111683"}],"curies":[{"name":"wp","href":"https:\/\/api.w.org\/{rel}","templated":true}]}}