{"id":111608,"date":"2025-03-20T06:50:45","date_gmt":"2025-03-20T06:50:45","guid":{"rendered":"http:\/\/noticiastelered.com\/PortalDNoticias\/?p=111608"},"modified":"2025-03-20T06:50:47","modified_gmt":"2025-03-20T06:50:47","slug":"estudiante-de-la-uat-participara-en-el-campeonato-centroamericano-y-del-caribe-de-karate","status":"publish","type":"post","link":"http:\/\/noticiastelered.com\/PortalDNoticias\/estudiante-de-la-uat-participara-en-el-campeonato-centroamericano-y-del-caribe-de-karate\/","title":{"rendered":"Estudiante de la UAT participar\u00e1 en el Campeonato Centroamericano y del Caribe de Karate"},"content":{"rendered":"\n<p><strong>&#8220;<\/strong>&nbsp;El estudiante de la Universidad Aut\u00f3noma de Tamaulipas (UAT), Rodrigo Castillo Ramos, formar\u00e1 parte de la Selecci\u00f3n Nacional que participar\u00e1 en el Campeonato Centroamericano y del Caribe de Karate, que se realizar\u00e1 en Bogot\u00e1, Colombia del 1 al 6 de abril de 2025.&nbsp;<strong>&#8220;<\/strong><\/p>\n\n\n\n<p>\u200b<\/p>\n\n\n\n<p>Ciudad Victoria, Tam.; 14 de febrero de 2025.<\/p>\n\n\n\n<p>Rodrigo Castillo Ramos, es alumno de la Facultad de Ingenier\u00eda y Ciencias de la UAT, y logr\u00f3 su clasificaci\u00f3n a la competencia internacional en el Campeonato Nacional Selectivo efectuado recientemente en Oaxtepec, Morelos.<\/p>\n\n\n\n<p>En dicho torneo el karateca universitario obtuvo el subcampeonato de Kata en la categor\u00eda Cinta Negra U21, bajo las indicaciones del entrenador Alfredo Ramos Ram\u00edrez.<\/p>\n\n\n\n<p>Con estos importantes resultados de los atletas de la UAT, se subraya el impulso y el fortalecimiento de la m\u00e1xima casa de estudios de Tamaulipas a la pr\u00e1ctica deportiva y a la generaci\u00f3n de actividades sanas que aporten al desarrollo integral de sus estudiantes. <br><\/p>\n\n\n\n<figure class=\"wp-block-image size-large\"><img decoding=\"async\" loading=\"lazy\" width=\"1024\" height=\"683\" src=\"http:\/\/noticiastelered.com\/PortalDNoticias\/wp-content\/uploads\/2025\/03\/image-41-1024x683.png\" alt=\"\" class=\"wp-image-111611\"\/><\/figure>\n","protected":false},"excerpt":{"rendered":"<p>&#8220;&nbsp;El estudiante de la Universidad Aut\u00f3noma de Tamaulipas (UAT), Rodrigo Castillo Ramos, formar\u00e1 parte de la Selecci\u00f3n Nacional que participar\u00e1 en el Campeonato Centroamericano y del Caribe de Karate, que se realizar\u00e1 en Bogot\u00e1, Colombia del 1 al 6 de [&hellip;]<\/p>\n","protected":false},"author":2,"featured_media":111611,"comment_status":"open","ping_status":"open","sticky":false,"template":"","format":"standard","meta":[],"categories":[6,59],"tags":[],"_links":{"self":[{"href":"http:\/\/noticiastelered.com\/PortalDNoticias\/wp-json\/wp\/v2\/posts\/111608"}],"collection":[{"href":"http:\/\/noticiastelered.com\/PortalDNoticias\/wp-json\/wp\/v2\/posts"}],"about":[{"href":"http:\/\/noticiastelered.com\/PortalDNoticias\/wp-json\/wp\/v2\/types\/post"}],"author":[{"embeddable":true,"href":"http:\/\/noticiastelered.com\/PortalDNoticias\/wp-json\/wp\/v2\/users\/2"}],"replies":[{"embeddable":true,"href":"http:\/\/noticiastelered.com\/PortalDNoticias\/wp-json\/wp\/v2\/comments?post=111608"}],"version-history":[{"count":1,"href":"http:\/\/noticiastelered.com\/PortalDNoticias\/wp-json\/wp\/v2\/posts\/111608\/revisions"}],"predecessor-version":[{"id":111612,"href":"http:\/\/noticiastelered.com\/PortalDNoticias\/wp-json\/wp\/v2\/posts\/111608\/revisions\/111612"}],"wp:featuredmedia":[{"embeddable":true,"href":"http:\/\/noticiastelered.com\/PortalDNoticias\/wp-json\/wp\/v2\/media\/111611"}],"wp:attachment":[{"href":"http:\/\/noticiastelered.com\/PortalDNoticias\/wp-json\/wp\/v2\/media?parent=111608"}],"wp:term":[{"taxonomy":"category","embeddable":true,"href":"http:\/\/noticiastelered.com\/PortalDNoticias\/wp-json\/wp\/v2\/categories?post=111608"},{"taxonomy":"post_tag","embeddable":true,"href":"http:\/\/noticiastelered.com\/PortalDNoticias\/wp-json\/wp\/v2\/tags?post=111608"}],"curies":[{"name":"wp","href":"https:\/\/api.w.org\/{rel}","templated":true}]}}