{"id":111551,"date":"2025-03-20T06:32:12","date_gmt":"2025-03-20T06:32:12","guid":{"rendered":"http:\/\/noticiastelered.com\/PortalDNoticias\/?p=111551"},"modified":"2025-03-20T06:32:13","modified_gmt":"2025-03-20T06:32:13","slug":"el-rector-damaso-anaya-y-omar-bravo-presiden-apertura-de-la-copa-uat-2025","status":"publish","type":"post","link":"http:\/\/noticiastelered.com\/PortalDNoticias\/el-rector-damaso-anaya-y-omar-bravo-presiden-apertura-de-la-copa-uat-2025\/","title":{"rendered":"El rector D\u00e1maso Anaya y Omar Bravo presiden apertura de la Copa UAT 2025"},"content":{"rendered":"\n<p><strong>&#8220;<\/strong>&nbsp;En una gran fiesta deportiva el rector de la UAT y el exfutbolista profesional encabezan tambi\u00e9n la entrega de trofeos a equipos y jugadores campeones de la edici\u00f3n 2024, ante cientos de ni\u00f1os y j\u00f3venes deportistas en el gimnasio multidisciplinario.&nbsp;<strong>&#8220;<\/strong><\/p>\n\n\n\n<p>\u200b<\/p>\n\n\n\n<p>Ciudad Victoria, Tam.; 25 de febrero de 2025.<\/p>\n\n\n\n<p>Ante m\u00e1s de cinco mil asistentes, el rector de la Universidad Aut\u00f3noma de Tamaulipas, D\u00e1maso Anaya Alvarado puso en marcha la edici\u00f3n 41 de la Liga de Futbol Infantil y Juvenil Copa UAT que tuvo como padrino de honor al exfutbolista profesional Omar Bravo Tordecillas.<\/p>\n\n\n\n<p>Acompa\u00f1ado del exjugador de las Chivas de Guadalajara y de la Selecci\u00f3n Mexicana, el rector encabez\u00f3 tambi\u00e9n, junto con su esposa Isolda Rend\u00f3n de Anaya, presidenta de Familia UAT, la premiaci\u00f3n a los equipos y jugadores de la competencia de 2024.<\/p>\n\n\n\n<p>En una gran fiesta deportiva con la asistencia de cientos de familias que acompa\u00f1aron a sus hijos en el Gimnasio Multidisciplinario del campus Victoria, D\u00e1maso Anaya destac\u00f3 la importancia de seguir abriendo espacios para la pr\u00e1ctica deportiva y que los ni\u00f1os, ni\u00f1as y j\u00f3venes se desarrollen en entornos arm\u00f3nicos y de paz.<\/p>\n\n\n\n<p>La ceremonia reuni\u00f3 a 143 equipos con m\u00e1s de tres mil participantes que competir\u00e1n en las categor\u00edas: Cracks, Biberones, Dientes de Leche, Uatitos, Bip Bips, Juvenil A y Juvenil B.<\/p>\n\n\n\n<p>En su oportunidad el exjugador mundialista mexicano felicit\u00f3 a los participantes, los exhort\u00f3 a perseguir sus sue\u00f1os y aspirar llegar a lo m\u00e1s alto en el deporte que aman.<\/p>\n\n\n\n<p>Omar Bravo agradeci\u00f3 al rector D\u00e1maso Anaya por la invitaci\u00f3n para convivir con los jugadores y sus familias, quienes al final disfrutaron este encuentro con el exjugador profesional para tomarse la foto del recuerdo y llevarse balones y camisetas con su aut\u00f3grafo.<\/p>\n\n\n\n<p>Al evento tambi\u00e9n asistieron, el secretario del Trabajo del gobierno estatal, Luis Gerardo Illoldi Reyes; la presidenta de la Comisi\u00f3n de Deporte en el Congreso de Estado, diputada Cynthia Jaime Castillo; el director general del Instituto del Deporte de Tamaulipas, Manuel Alejandro Viru\u00e9s Lozano, el presidente del Club Correcaminos, Javier Garibaldi de la Teja y el secretario de Vinculaci\u00f3n de la UAT, Rogelio Ram\u00edrez Flores. <br><\/p>\n\n\n\n<figure class=\"wp-block-image size-large\"><img decoding=\"async\" loading=\"lazy\" width=\"1024\" height=\"683\" src=\"http:\/\/noticiastelered.com\/PortalDNoticias\/wp-content\/uploads\/2025\/03\/image-30-1024x683.png\" alt=\"\" class=\"wp-image-111554\"\/><\/figure>\n","protected":false},"excerpt":{"rendered":"<p>&#8220;&nbsp;En una gran fiesta deportiva el rector de la UAT y el exfutbolista profesional encabezan tambi\u00e9n la entrega de trofeos a equipos y jugadores campeones de la edici\u00f3n 2024, ante cientos de ni\u00f1os y j\u00f3venes deportistas en el gimnasio multidisciplinario.&nbsp;&#8220; [&hellip;]<\/p>\n","protected":false},"author":2,"featured_media":111554,"comment_status":"open","ping_status":"open","sticky":false,"template":"","format":"standard","meta":[],"categories":[6],"tags":[],"_links":{"self":[{"href":"http:\/\/noticiastelered.com\/PortalDNoticias\/wp-json\/wp\/v2\/posts\/111551"}],"collection":[{"href":"http:\/\/noticiastelered.com\/PortalDNoticias\/wp-json\/wp\/v2\/posts"}],"about":[{"href":"http:\/\/noticiastelered.com\/PortalDNoticias\/wp-json\/wp\/v2\/types\/post"}],"author":[{"embeddable":true,"href":"http:\/\/noticiastelered.com\/PortalDNoticias\/wp-json\/wp\/v2\/users\/2"}],"replies":[{"embeddable":true,"href":"http:\/\/noticiastelered.com\/PortalDNoticias\/wp-json\/wp\/v2\/comments?post=111551"}],"version-history":[{"count":1,"href":"http:\/\/noticiastelered.com\/PortalDNoticias\/wp-json\/wp\/v2\/posts\/111551\/revisions"}],"predecessor-version":[{"id":111555,"href":"http:\/\/noticiastelered.com\/PortalDNoticias\/wp-json\/wp\/v2\/posts\/111551\/revisions\/111555"}],"wp:featuredmedia":[{"embeddable":true,"href":"http:\/\/noticiastelered.com\/PortalDNoticias\/wp-json\/wp\/v2\/media\/111554"}],"wp:attachment":[{"href":"http:\/\/noticiastelered.com\/PortalDNoticias\/wp-json\/wp\/v2\/media?parent=111551"}],"wp:term":[{"taxonomy":"category","embeddable":true,"href":"http:\/\/noticiastelered.com\/PortalDNoticias\/wp-json\/wp\/v2\/categories?post=111551"},{"taxonomy":"post_tag","embeddable":true,"href":"http:\/\/noticiastelered.com\/PortalDNoticias\/wp-json\/wp\/v2\/tags?post=111551"}],"curies":[{"name":"wp","href":"https:\/\/api.w.org\/{rel}","templated":true}]}}