{"id":111475,"date":"2025-03-20T06:11:51","date_gmt":"2025-03-20T06:11:51","guid":{"rendered":"http:\/\/noticiastelered.com\/PortalDNoticias\/?p=111475"},"modified":"2025-03-20T06:11:54","modified_gmt":"2025-03-20T06:11:54","slug":"la-uat-ofrecio-a-sus-universitarias-el-recital-voces-violeta","status":"publish","type":"post","link":"http:\/\/noticiastelered.com\/PortalDNoticias\/la-uat-ofrecio-a-sus-universitarias-el-recital-voces-violeta\/","title":{"rendered":"La UAT ofreci\u00f3 a sus universitarias el recital \u201cVoces Violeta&#8221;"},"content":{"rendered":"\n<p><strong>&#8220;<\/strong>&nbsp;La Universidad Aut\u00f3noma de Tamaulipas (UAT) llev\u00f3 a cabo la presentaci\u00f3n del recital &#8220;Voces Violeta&#8221;, dirigido a estudiantes universitarias, en un espacio de lecturas y canciones que reflejan el papel de la mujer en la sociedad y su lucha por la equidad.&nbsp;<strong>&#8220;<\/strong><\/p>\n\n\n\n<p>\u200b<\/p>\n\n\n\n<p>Ciudad Victoria, Tam.; 8 de marzo de 2025.<\/p>\n\n\n\n<p>Esta iniciativa se ha presentado en diversas facultades y escenarios de la UAT, en Ciudad Victoria y Tampico, permitiendo que la comunidad universitaria y el p\u00fablico en general reflexionen sobre la importancia del arte como medio de expresi\u00f3n y transformaci\u00f3n social. Durante el recital, las artistas universitarias dan voz a textos de pensadoras y activistas feministas de distintas \u00e9pocas, en una instalaci\u00f3n sonora, visual y textual que resalta la presencia y la fuerza de la mujer en la cultura.<\/p>\n\n\n\n<p>La presentaci\u00f3n de esta actividad forma parte de la Agenda Universitaria 8M \u201cMujeres que Inspiran&#8221;, y que, con motivo del D\u00eda Internacional de la Mujer, el rector de la UAT, D\u00e1maso Anaya Alvarado, ha manifestado un mensaje destacando que la Universidad sigue generando espacios de expresi\u00f3n y participaci\u00f3n para sus estudiantes, consolidando el arte y la cultura como herramientas fundamentales para el desarrollo humano y social.<\/p>\n\n\n\n<p>De la misma manera, ha reiterado la importancia de impulsar las iniciativas que aseguren el desarrollo pleno de las mujeres universitarias, creando una red s\u00f3lida que impulse su liderazgo y bienestar.<\/p>\n\n\n\n<p>&#8220;Voces Violeta&#8221; fue organizado por la Direcci\u00f3n de Cultura y Arte UAT, con presentaciones del 4 al 7 de marzo, en las facultades y unidades acad\u00e9micas de Ciudad Victoria, as\u00ed como en planteles y diversos espacios del Centro Universitario Sur (Campus Tampico).<\/p>\n\n\n\n<p>A trav\u00e9s de este tipo de actividades y muchas otras realizadas en el marco del 8M, la UAT reafirma su compromiso con la promoci\u00f3n de la cultura y el fortalecimiento de la participaci\u00f3n femenina en el arte, brindando espacios donde las estudiantes tienen la oportunidad de compartir sus voces y generar un impacto positivo en su entorno. <br><br><\/p>\n\n\n\n<figure class=\"wp-block-image size-large\"><img decoding=\"async\" loading=\"lazy\" width=\"1024\" height=\"700\" src=\"http:\/\/noticiastelered.com\/PortalDNoticias\/wp-content\/uploads\/2025\/03\/image-15-1024x700.png\" alt=\"\" class=\"wp-image-111478\"\/><\/figure>\n","protected":false},"excerpt":{"rendered":"<p>&#8220;&nbsp;La Universidad Aut\u00f3noma de Tamaulipas (UAT) llev\u00f3 a cabo la presentaci\u00f3n del recital &#8220;Voces Violeta&#8221;, dirigido a estudiantes universitarias, en un espacio de lecturas y canciones que reflejan el papel de la mujer en la sociedad y su lucha por [&hellip;]<\/p>\n","protected":false},"author":2,"featured_media":111478,"comment_status":"open","ping_status":"open","sticky":false,"template":"","format":"standard","meta":[],"categories":[59],"tags":[],"_links":{"self":[{"href":"http:\/\/noticiastelered.com\/PortalDNoticias\/wp-json\/wp\/v2\/posts\/111475"}],"collection":[{"href":"http:\/\/noticiastelered.com\/PortalDNoticias\/wp-json\/wp\/v2\/posts"}],"about":[{"href":"http:\/\/noticiastelered.com\/PortalDNoticias\/wp-json\/wp\/v2\/types\/post"}],"author":[{"embeddable":true,"href":"http:\/\/noticiastelered.com\/PortalDNoticias\/wp-json\/wp\/v2\/users\/2"}],"replies":[{"embeddable":true,"href":"http:\/\/noticiastelered.com\/PortalDNoticias\/wp-json\/wp\/v2\/comments?post=111475"}],"version-history":[{"count":1,"href":"http:\/\/noticiastelered.com\/PortalDNoticias\/wp-json\/wp\/v2\/posts\/111475\/revisions"}],"predecessor-version":[{"id":111479,"href":"http:\/\/noticiastelered.com\/PortalDNoticias\/wp-json\/wp\/v2\/posts\/111475\/revisions\/111479"}],"wp:featuredmedia":[{"embeddable":true,"href":"http:\/\/noticiastelered.com\/PortalDNoticias\/wp-json\/wp\/v2\/media\/111478"}],"wp:attachment":[{"href":"http:\/\/noticiastelered.com\/PortalDNoticias\/wp-json\/wp\/v2\/media?parent=111475"}],"wp:term":[{"taxonomy":"category","embeddable":true,"href":"http:\/\/noticiastelered.com\/PortalDNoticias\/wp-json\/wp\/v2\/categories?post=111475"},{"taxonomy":"post_tag","embeddable":true,"href":"http:\/\/noticiastelered.com\/PortalDNoticias\/wp-json\/wp\/v2\/tags?post=111475"}],"curies":[{"name":"wp","href":"https:\/\/api.w.org\/{rel}","templated":true}]}}