{"id":111432,"date":"2025-03-20T06:02:59","date_gmt":"2025-03-20T06:02:59","guid":{"rendered":"http:\/\/noticiastelered.com\/PortalDNoticias\/?p=111432"},"modified":"2025-03-20T06:03:09","modified_gmt":"2025-03-20T06:03:09","slug":"celebra-la-uat-con-exito-el-festival-de-la-guitarra-2025","status":"publish","type":"post","link":"http:\/\/noticiastelered.com\/PortalDNoticias\/celebra-la-uat-con-exito-el-festival-de-la-guitarra-2025\/","title":{"rendered":"Celebra la UAT con \u00e9xito el Festival de la Guitarra 2025"},"content":{"rendered":"\n<p><strong>&#8220;<\/strong>&nbsp;Con presentaciones en Reynosa, Tampico y Ciudad Victoria, la Universidad Aut\u00f3noma de Tamaulipas llev\u00f3 a cabo el Festival de la Guitarra UAT 2025, en un evento que tuvo como prop\u00f3sito fortalecer la difusi\u00f3n de la m\u00fasica y el arte, adem\u00e1s de brindar un espacio para la proyecci\u00f3n de los talentos universitarios.&nbsp;<strong>&#8220;<\/strong><\/p>\n\n\n\n<p>\u200b<\/p>\n\n\n\n<p>Ciudad Victoria, Tam.; 14 de marzo de 2025.<\/p>\n\n\n\n<p>Durante cinco d\u00edas, el Festival de la Guitarra UAT ofreci\u00f3 un programa diverso de actividades, con conciertos de gala abiertos al p\u00fablico y funciones did\u00e1cticas en varias unidades acad\u00e9micas.<\/p>\n\n\n\n<p>Con la participaci\u00f3n de destacados m\u00fasicos pertenecientes a la Direcci\u00f3n de Cultura y Arte de la UAT, el festival busc\u00f3 fomentar la apreciaci\u00f3n por la guitarra como disciplina art\u00edstica, y fortalecer la formaci\u00f3n cultural de la comunidad tamaulipeca.<\/p>\n\n\n\n<p>Las presentaciones del festival estuvieron a cargo del Taller de Guitarra de Reynosa, el Ensamble de Guitarras de Ciudad Victoria y el Tr\u00edo Valencia de Tampico, mediante conciertos en espacios emblem\u00e1ticos de las tres sedes, permitiendo el acceso libre a todo el p\u00fablico.<\/p>\n\n\n\n<p>Adem\u00e1s, se brindaron funciones did\u00e1cticas en facultades y auditorios de la UAT, con el objetivo de que la comunidad estudiantil conozca m\u00e1s sobre el arte de la guitarra y la importancia de la m\u00fasica en el desarrollo acad\u00e9mico y cultural.<\/p>\n\n\n\n<p>El evento inici\u00f3 el 10 de marzo en la zona norte, con presentaciones en el auditorio de la UAM Reynosa Rodhe, la UAM Valle Hermoso y el Teatro Casa de la Cultura de Reynosa.<\/p>\n\n\n\n<p>Los d\u00edas 11 y 12 de marzo, el festival lleg\u00f3 a la zona centro del estado, con presentaciones en las facultades de Enfermer\u00eda, Comercio, Derecho e Ingenier\u00eda, adem\u00e1s de un concierto de gala en el auditorio del Centro Cultural Tamaulipas.<\/p>\n\n\n\n<p>El Festival de la Guitarra UAT 2025 sigui\u00f3 los d\u00edas 13 y 14 de marzo mediante funciones did\u00e1cticas en las facultades del Campus Sur y en la Casa de la Cultura Tampico.<\/p>\n\n\n\n<p>Este evento no solo ofreci\u00f3 un espacio para la apreciaci\u00f3n musical, sino que tambi\u00e9n permiti\u00f3 a los asistentes interactuar con los m\u00fasicos, conocer de cerca las t\u00e9cnicas de ejecuci\u00f3n de la guitarra y disfrutar de interpretaciones en vivo que enriquecieron su experiencia cultural. <br><br><\/p>\n\n\n\n<figure class=\"wp-block-image size-large\"><img decoding=\"async\" loading=\"lazy\" width=\"1024\" height=\"577\" src=\"http:\/\/noticiastelered.com\/PortalDNoticias\/wp-content\/uploads\/2025\/03\/image-7-1024x577.png\" alt=\"\" class=\"wp-image-111435\"\/><\/figure>\n","protected":false},"excerpt":{"rendered":"<p>&#8220;&nbsp;Con presentaciones en Reynosa, Tampico y Ciudad Victoria, la Universidad Aut\u00f3noma de Tamaulipas llev\u00f3 a cabo el Festival de la Guitarra UAT 2025, en un evento que tuvo como prop\u00f3sito fortalecer la difusi\u00f3n de la m\u00fasica y el arte, adem\u00e1s [&hellip;]<\/p>\n","protected":false},"author":2,"featured_media":111435,"comment_status":"open","ping_status":"open","sticky":false,"template":"","format":"standard","meta":[],"categories":[59],"tags":[],"_links":{"self":[{"href":"http:\/\/noticiastelered.com\/PortalDNoticias\/wp-json\/wp\/v2\/posts\/111432"}],"collection":[{"href":"http:\/\/noticiastelered.com\/PortalDNoticias\/wp-json\/wp\/v2\/posts"}],"about":[{"href":"http:\/\/noticiastelered.com\/PortalDNoticias\/wp-json\/wp\/v2\/types\/post"}],"author":[{"embeddable":true,"href":"http:\/\/noticiastelered.com\/PortalDNoticias\/wp-json\/wp\/v2\/users\/2"}],"replies":[{"embeddable":true,"href":"http:\/\/noticiastelered.com\/PortalDNoticias\/wp-json\/wp\/v2\/comments?post=111432"}],"version-history":[{"count":2,"href":"http:\/\/noticiastelered.com\/PortalDNoticias\/wp-json\/wp\/v2\/posts\/111432\/revisions"}],"predecessor-version":[{"id":111437,"href":"http:\/\/noticiastelered.com\/PortalDNoticias\/wp-json\/wp\/v2\/posts\/111432\/revisions\/111437"}],"wp:featuredmedia":[{"embeddable":true,"href":"http:\/\/noticiastelered.com\/PortalDNoticias\/wp-json\/wp\/v2\/media\/111435"}],"wp:attachment":[{"href":"http:\/\/noticiastelered.com\/PortalDNoticias\/wp-json\/wp\/v2\/media?parent=111432"}],"wp:term":[{"taxonomy":"category","embeddable":true,"href":"http:\/\/noticiastelered.com\/PortalDNoticias\/wp-json\/wp\/v2\/categories?post=111432"},{"taxonomy":"post_tag","embeddable":true,"href":"http:\/\/noticiastelered.com\/PortalDNoticias\/wp-json\/wp\/v2\/tags?post=111432"}],"curies":[{"name":"wp","href":"https:\/\/api.w.org\/{rel}","templated":true}]}}