{"id":111389,"date":"2025-03-19T22:22:13","date_gmt":"2025-03-19T22:22:13","guid":{"rendered":"http:\/\/noticiastelered.com\/PortalDNoticias\/?p=111389"},"modified":"2025-03-19T22:22:14","modified_gmt":"2025-03-19T22:22:14","slug":"todo-lo-que-debes-de-saber-para-ir-a-profugos-del-anexo-accesos-estacionamiento-horario-etc","status":"publish","type":"post","link":"http:\/\/noticiastelered.com\/PortalDNoticias\/todo-lo-que-debes-de-saber-para-ir-a-profugos-del-anexo-accesos-estacionamiento-horario-etc\/","title":{"rendered":"Todo lo que debes de saber para ir a &#8220;Pr\u00f3fugos del Anexo&#8221;; accesos, estacionamiento, horario, etc."},"content":{"rendered":"\n<p><strong>Redacci\u00f3n<br><\/strong>Noticias Telered<br><br><strong>NUEVO LAREDO.-<\/strong> El d\u00eda de hoy se llev\u00f3 a cabo una rueda de prensa en el Estadio Unidad Deportiva Benito Ju\u00e1rez para informar sobre el concierto \u201cPr\u00f3fugos del Anexo\u201d, que contar\u00e1 con la participaci\u00f3n de Juli\u00f3n \u00c1lvarez y Alfredo Olivas, programado para el s\u00e1bado 22 de marzo.<\/p>\n\n\n\n<p>La conferencia fue presidida por Christian Contreras, representante de la empresa de pr\u00f3fugos del anexo; Le\u00f3n C\u00e9sar Jr. Mart\u00ednez Bernal, Coordinador de Rescate y Servicios Pre hospitalarios de Protecci\u00f3n Civil y Bomberos; Cmte. Jaime Alejandro Waldo, Coordinador Operativo de la Direcci\u00f3n de Tr\u00e1nsito; C\u00e9sar Buentello Piza\u00f1a, Coordinador de Espect\u00e1culos; y Aldo Rangel, representante de la Secretar\u00eda de Seguridad P\u00fablica.<\/p>\n\n\n\n<p><strong>Accesos y Horarios<\/strong><\/p>\n\n\n\n<p>Las puertas del estadio se abrir\u00e1n a las 6:00 p.m. Se habilitar\u00e1n dos accesos:<\/p>\n\n\n\n<ul>\n<li>Puerta 1: Ubicada en calle Porfirio D\u00edaz, destinada para los asistentes que<\/li>\n<\/ul>\n\n\n\n<p>ocupar\u00e1n asientos frente al escenario del lado derecho.<\/p>\n\n\n\n<ul>\n<li>Puerta 2: Situada en calle Venustiano Carranza, para quienes tengan localidades frente al escenario del lado izquierdo.<\/li>\n<\/ul>\n\n\n\n<p><strong>Operativo Vial y Seguridad<\/strong><\/p>\n\n\n\n<p>Con el objetivo de garantizar la seguridad y comodidad de los asistentes, se implementar\u00e1n las siguientes medidas:<\/p>\n\n\n\n<ul>\n<li>Cierres viales: Se cerrar\u00e1n las calles Porfirio D\u00edaz (desde calle Lincoln hasta<\/li>\n<\/ul>\n\n\n\n<p>Venustiano Carranza) y Chimalpopoca (desde calle Lincoln hasta Venustiano Carranza)<\/p>\n\n\n\n<p>para facilitar el acceso y evacuaci\u00f3n.<\/p>\n\n\n\n<ul>\n<li>Se recomienda a los asistentes planificar rutas alternas y, en la medida de lo posible, utilizar transporte p\u00fablico, servicios de transporte privado o compartir veh\u00edculo para reducir el tr\u00e1fico.<\/li>\n<\/ul>\n\n\n\n<p><strong>Estacionamientos<\/strong><\/p>\n\n\n\n<p>Gracias a los esfuerzos de MP Eventos por garantizar la comodidad de los asistentes, se habilitar\u00e1n dos estacionamientos gratuitos con capacidad para 1,000 veh\u00edculos cada uno, los cuales contar\u00e1n con vigilancia durante el evento:<br><br>\uf0b7 Estacionamiento ETI: Se sugiere acceder por Boulevard Ruiz Cortines, pasando la rotonda del parque ecol\u00f3gico Viveros, y continuar por calle Quetzalc\u00f3atl hasta la puerta sur de EXPOMEX.<\/p>\n\n\n\n<p>\uf0b7 Estacionamiento EXPOMEX: Ubicado en el \u00e1rea de juegos, con entrada por el lienzo charro en la entrada oriente.<\/p>\n\n\n\n<p><strong>Servicios M\u00e9dicos<\/strong><\/p>\n\n\n\n<p>Para atender cualquier eventualidad, se dispondr\u00e1 de cinco ambulancias y dos carpas de asistencia m\u00e9dica ubicadas estrat\u00e9gicamente:<\/p>\n\n\n\n<ol>\n<li>Puerta 1 (calle Porfirio D\u00edaz)<\/li>\n\n\n\n<li>Bajo las gradas<\/li>\n\n\n\n<li>Detr\u00e1s del escenario<\/li>\n\n\n\n<li>Zona de canchas de f\u00fatbol<\/li>\n\n\n\n<li>Puerta 2 (calle Venustiano Carranza)<\/li>\n<\/ol>\n\n\n\n<p>Por otro lado, las carpas de asistencia m\u00e9dica estar\u00e1n situadas en la parte posterior de la cancha del estadio, con la finalidad de tener acceso f\u00e1cil a los asistentes del evento.<\/p>\n\n\n\n<p><strong>Venta de Boletos<\/strong><\/p>\n\n\n\n<p>Christian Contreras inform\u00f3 que a\u00fan hay boletos disponibles, los cuales pueden adquirirse a trav\u00e9s de la \u00fanica plataforma oficial para la distribuci\u00f3n de estos; Boletito.com<\/p>\n\n\n\n<p>Al finalizar la rueda de prensa, se invit\u00f3 a los medios a un recorrido por el estadio para mostrar la distribuci\u00f3n de los accesos y el avance en el montaje del escenario, anticipando una noche espectacular para todos los asistentes: por \u00faltimo, se invita a todos los asistentes a seguir las indicaciones de seguridad y log\u00edstica para disfrutar de una experiencia inolvidable en el concierto \u201cPr\u00f3fugos del Anexo\u201d.<\/p>\n\n\n<p><!-- Composite Start --><\/p>\n<div id=\"M240110ScriptRootC290005\">\n<div id=\"M240110PreloadC290005\"> Loading&#8230;<\/div>\n<p><script> (function(){ var D=new Date(),d=document,b='body',ce='createElement',ac='appendChild',st='style',ds='display',n='none',gi='getElementById',lp=d.location.protocol,wp=lp.indexOf('http')==0?lp:'https:'; var i=d[ce]('iframe');i[st][ds]=n;d[gi](\"M240110ScriptRootC290005\")[ac](i);try{var iw=i.contentWindow.document;iw.open();iw.writeln(\"<ht\"+\"ml><bo\"+\"dy><\/bo\"+\"dy><\/ht\"+\"ml>\");iw.close();var c=iw[b];} catch(e){var iw=d;var c=d[gi](\"M240110ScriptRootC290005\");}var dv=iw[ce]('div');dv.id=\"MG_ID\";dv[st][ds]=n;dv.innerHTML=290005;c[ac](dv); var s=iw[ce]('script');s.async='async';s.defer='defer';s.charset='utf-8';s.src=wp+\"\/\/jsc.mgid.com\/n\/o\/noticiastelered.com.290005.js?t=\"+D.getYear()+D.getMonth()+D.getUTCDate()+D.getUTCHours();c[ac](s);})(); <\/script><\/p>\n<\/div>\n<p><!-- Composite End --><\/p>","protected":false},"excerpt":{"rendered":"<p>Redacci\u00f3nNoticias Telered NUEVO LAREDO.- El d\u00eda de hoy se llev\u00f3 a cabo una rueda de prensa en el Estadio Unidad Deportiva Benito Ju\u00e1rez para informar sobre el concierto \u201cPr\u00f3fugos del Anexo\u201d, que contar\u00e1 con la participaci\u00f3n de Juli\u00f3n \u00c1lvarez y [&hellip;]<\/p>\n","protected":false},"author":2,"featured_media":111392,"comment_status":"open","ping_status":"open","sticky":false,"template":"","format":"standard","meta":[],"categories":[64,63],"tags":[],"_links":{"self":[{"href":"http:\/\/noticiastelered.com\/PortalDNoticias\/wp-json\/wp\/v2\/posts\/111389"}],"collection":[{"href":"http:\/\/noticiastelered.com\/PortalDNoticias\/wp-json\/wp\/v2\/posts"}],"about":[{"href":"http:\/\/noticiastelered.com\/PortalDNoticias\/wp-json\/wp\/v2\/types\/post"}],"author":[{"embeddable":true,"href":"http:\/\/noticiastelered.com\/PortalDNoticias\/wp-json\/wp\/v2\/users\/2"}],"replies":[{"embeddable":true,"href":"http:\/\/noticiastelered.com\/PortalDNoticias\/wp-json\/wp\/v2\/comments?post=111389"}],"version-history":[{"count":1,"href":"http:\/\/noticiastelered.com\/PortalDNoticias\/wp-json\/wp\/v2\/posts\/111389\/revisions"}],"predecessor-version":[{"id":111393,"href":"http:\/\/noticiastelered.com\/PortalDNoticias\/wp-json\/wp\/v2\/posts\/111389\/revisions\/111393"}],"wp:featuredmedia":[{"embeddable":true,"href":"http:\/\/noticiastelered.com\/PortalDNoticias\/wp-json\/wp\/v2\/media\/111392"}],"wp:attachment":[{"href":"http:\/\/noticiastelered.com\/PortalDNoticias\/wp-json\/wp\/v2\/media?parent=111389"}],"wp:term":[{"taxonomy":"category","embeddable":true,"href":"http:\/\/noticiastelered.com\/PortalDNoticias\/wp-json\/wp\/v2\/categories?post=111389"},{"taxonomy":"post_tag","embeddable":true,"href":"http:\/\/noticiastelered.com\/PortalDNoticias\/wp-json\/wp\/v2\/tags?post=111389"}],"curies":[{"name":"wp","href":"https:\/\/api.w.org\/{rel}","templated":true}]}}