{"id":111331,"date":"2025-02-27T01:00:26","date_gmt":"2025-02-27T01:00:26","guid":{"rendered":"http:\/\/noticiastelered.com\/PortalDNoticias\/?p=111331"},"modified":"2025-02-27T01:00:26","modified_gmt":"2025-02-27T01:00:26","slug":"historica-sentencia-contra-militares-por-ejecucion-de-jovenes-en-nuevo-laredo","status":"publish","type":"post","link":"http:\/\/noticiastelered.com\/PortalDNoticias\/historica-sentencia-contra-militares-por-ejecucion-de-jovenes-en-nuevo-laredo\/","title":{"rendered":"Hist\u00f3rica sentencia contra militares por ejecuci\u00f3n de j\u00f3venes en Nuevo Laredo"},"content":{"rendered":"\n<p><\/p>\n\n\n\n<p>Agencias<\/p>\n\n\n\n<p>Noticias Telered<\/p>\n\n\n\n<p>Nuevo Laredo.- A dos a\u00f1os de la emboscada que cost\u00f3 la vida a cinco j\u00f3venes en la colonia Pancho Villa , familiares de las v\u00edctimas viven sentimientos encontrados, por una parte, la tristeza al recordar a sus hijos y por otra, celebran la reciente sentencia condenatoria contra cuatro militares responsables del ataque. El veredicto, emitido el pasado 24 de febrero, marca un precedente en la lucha contra la impunidad de las Fuerzas Armadas en M\u00e9xico.<\/p>\n\n\n\n<p>\u201cHoy pueden decirle al mundo, pueden decirle al pa\u00eds que esos cr\u00edmenes no quedaron impunes, que ese abuso de la autoridad tendr\u00e1 consecuencias y esas consecuencias pudieran ser si el juez as\u00ed lo determina, una pena dr\u00e1stica y ejemplar para que nunca m\u00e1s en Nuevo Laredo, en Tamaulipas y en M\u00e9xico se vuelva a dar una masacre como la que ocurri\u00f3 hace dos a\u00f1os\u201d se\u00f1al\u00f3 Raymundo<br \/>Ramos V\u00e1zquez, presidente del Comit\u00e9 de Derechos Humanos de Nuevo Laredo.<\/p>\n\n\n\n<p>El 26 de febrero de 2023, un grupo de j\u00f3venes que regresaba de una salida nocturna fue atacado por militares del 16\u00ba Regimiento de Caballer\u00eda. Seg\u00fan las pruebas presentadas en el juicio, los Cabos de Caballer\u00eda, Agust\u00edn \u201cN\u201d, Bernardo \u201cN\u201d, Jorge \u201cN\u201d y Juan Carlos \u201cN\u201d dispararon sin motivo alguno, asesinando a Gustavo \u00c1ngel Suarez, Wilberto Mata Estrada, Jonathan Aguilar S\u00e1nchez, Alejandro Trujillo Rocha y Gustavo P\u00e9rez Ben\u00edtez, hiriendo a Alejandro P\u00e9rez; sobreviviendo al ataque Luis Gerardo Silva. Las familias de las v\u00edctimas denunciaron la agresi\u00f3n como una masacre.<\/p>\n\n\n\n<p>Durante la audiencia, el juez Juan Gonzaga Sandoval destac\u00f3 la brutalidad del ataque y la falta de justificaci\u00f3n para el uso de la fuerza letal. &#8220;No fue un enfrentamiento, fue una ejecuci\u00f3n&#8221;, declar\u00f3 el magistrado. La sentencia contempla una pena de hasta 40 a\u00f1os de prisi\u00f3n para los militares responsables, aunque el fallo final sobre la duraci\u00f3n de la condena se determinar\u00e1 en los pr\u00f3ximos d\u00edas.<\/p>\n\n\n\n<p>Los padres de las v\u00edctimas manifestaron su dolor y su alivio tras conocer el veredicto. &#8220;Hoy sentimos un poco de paz porque se hizo justicia&#8221;, afirm\u00f3 Humberto Arturo Su\u00e1rez, padre de una de las v\u00edctimas. &#8220;Nada nos devolver\u00e1 a nuestros hijos, pero al menos sabemos que sus asesinos pagar\u00e1n por lo que hicieron&#8221;.<\/p>\n\n\n\n<p>Los abogados de las familias, Jos\u00e9 Roberto Puente Mart\u00ednez y Edgar Netro Acu\u00f1a, resaltaron que el proceso judicial fue complicado y que el caso pudo haber quedado impune si no hubiera sido por la perseverancia de los afectados. &#8220;Tuvimos que llevar el caso hasta instancias internacionales y enfrentarnos a un sistema que muchas veces protege a los responsables&#8221;,<br \/>explic\u00f3 el abogado Puente Mart\u00ednez.<\/p>\n\n\n\n<p>Diversos colectivos de derechos humanos celebraron la sentencia, consider\u00e1ndola un hito en la lucha contra la impunidad militar en M\u00e9xico. Sin embargo, alertaron que a\u00fan hay muchos casos similares sin resoluci\u00f3n y exigieron mayor transparencia en los operativos militares.<\/p>\n\n\n\n<p>Las familias de las v\u00edctimas hicieron un llamado a las autoridades para evitar que tragedias similares se repitan. &#8220;Queremos que esta sea la \u00faltima vez que padres lloran a sus hijos por un abuso de poder&#8221;, declar\u00f3 Dora Mar\u00eda Ramos, madre de uno de los sobrevivientes. Mientras esperan la sentencia definitiva, los afectados contin\u00faan su lucha por la justicia y la memoria de sus seres queridos.<\/p>\n\n\n\n<h1 class=\"wp-block-heading\"><\/h1>\n","protected":false},"excerpt":{"rendered":"<p>Agencias Noticias Telered Nuevo Laredo.- A dos a\u00f1os de la emboscada que cost\u00f3 la vida a cinco j\u00f3venes en la colonia Pancho Villa , familiares de las v\u00edctimas viven sentimientos encontrados, por una parte, la tristeza al recordar a sus [&hellip;]<\/p>\n","protected":false},"author":2,"featured_media":111330,"comment_status":"closed","ping_status":"open","sticky":false,"template":"","format":"standard","meta":[],"categories":[77],"tags":[],"_links":{"self":[{"href":"http:\/\/noticiastelered.com\/PortalDNoticias\/wp-json\/wp\/v2\/posts\/111331"}],"collection":[{"href":"http:\/\/noticiastelered.com\/PortalDNoticias\/wp-json\/wp\/v2\/posts"}],"about":[{"href":"http:\/\/noticiastelered.com\/PortalDNoticias\/wp-json\/wp\/v2\/types\/post"}],"author":[{"embeddable":true,"href":"http:\/\/noticiastelered.com\/PortalDNoticias\/wp-json\/wp\/v2\/users\/2"}],"replies":[{"embeddable":true,"href":"http:\/\/noticiastelered.com\/PortalDNoticias\/wp-json\/wp\/v2\/comments?post=111331"}],"version-history":[{"count":1,"href":"http:\/\/noticiastelered.com\/PortalDNoticias\/wp-json\/wp\/v2\/posts\/111331\/revisions"}],"predecessor-version":[{"id":111332,"href":"http:\/\/noticiastelered.com\/PortalDNoticias\/wp-json\/wp\/v2\/posts\/111331\/revisions\/111332"}],"wp:featuredmedia":[{"embeddable":true,"href":"http:\/\/noticiastelered.com\/PortalDNoticias\/wp-json\/wp\/v2\/media\/111330"}],"wp:attachment":[{"href":"http:\/\/noticiastelered.com\/PortalDNoticias\/wp-json\/wp\/v2\/media?parent=111331"}],"wp:term":[{"taxonomy":"category","embeddable":true,"href":"http:\/\/noticiastelered.com\/PortalDNoticias\/wp-json\/wp\/v2\/categories?post=111331"},{"taxonomy":"post_tag","embeddable":true,"href":"http:\/\/noticiastelered.com\/PortalDNoticias\/wp-json\/wp\/v2\/tags?post=111331"}],"curies":[{"name":"wp","href":"https:\/\/api.w.org\/{rel}","templated":true}]}}