{"id":111325,"date":"2025-02-24T20:55:13","date_gmt":"2025-02-24T20:55:13","guid":{"rendered":"http:\/\/noticiastelered.com\/PortalDNoticias\/?p=111325"},"modified":"2025-02-24T20:55:13","modified_gmt":"2025-02-24T20:55:13","slug":"declaran-culpables-a-militares-por-masacre-de-jovenes-en-nuevo-laredo","status":"publish","type":"post","link":"http:\/\/noticiastelered.com\/PortalDNoticias\/declaran-culpables-a-militares-por-masacre-de-jovenes-en-nuevo-laredo\/","title":{"rendered":"Declaran culpables a militares por masacre de j\u00f3venes en Nuevo Laredo"},"content":{"rendered":"\n<p><\/p>\n\n\n\n<p><\/p>\n\n\n\n<p><br>V\u00edctimas fueron emboscadas luego de festejar que uno de ellos ser\u00eda pap\u00e1<\/p>\n\n\n\n<p><\/p>\n\n\n\n<p>Agencias<\/p>\n\n\n\n<p>Noticias Telered<\/p>\n\n\n\n<p>MUEVO LAREDO.- Un Tribunal de Enjuiciamiento encontr\u00f3 culpables de los delitos de Homicidio Calificado y Homicidio Calificado en grado de Tentativa a cuatro militares pertenecientes al 16\u00ba Regimiento de Caballer\u00eda Motorizada que emboscaron a un grupo de j\u00f3venes en Nuevo Laredo la madrugada del domingo 26 de febrero del 2023.<\/p>\n\n\n\n<p>La sentencia condenatoria estuvo a cargo del juez federal Juan Gonzaga Sandoval en audiencia celebrada este lunes en el Centro de Justicia Penal Federal con sede en Reynosa, Tamaulipas, los imputados fueron identificados como Agust\u00edn \u201cN\u201d, Bernardo \u201cN\u201d, Jorge \u201cN\u201d y Juan Carlos \u201cN\u201d, todos ellos con grados de Cabo de Caballer\u00eda y quienes comparecieron a trav\u00e9s de una Video Conferencia desde la Prisi\u00f3n Militar N\u00famero 1.<\/p>\n\n\n\n<p>Las v\u00edctimas de esta masacre estuvieron conviviendo en una disco de Nuevo Laredo festejando que uno de ellos, Gustavo \u00c1ngel Su\u00e1rez Castillo, les hab\u00eda anunciado que ser\u00eda pap\u00e1 al quedar embarazada su esposa, y cuando se dirig\u00edan a sus domicilios fueron perseguidos por al menos tres veh\u00edculos del Ej\u00e9rcito Mexicano y acribillados sin motivo alguno en el crucero de M\u00e9ndez y Huasteca, en una de las colonias m\u00e1s populares de esta frontera.<\/p>\n\n\n\n<p>Adem\u00e1s del conductor de la camioneta Gustavo \u00c1ngel tambi\u00e9n fueron asesinados los j\u00f3venes Wilberto Mata Estrada, Jonathan Aguilar S\u00e1nchez, Alejandro Trujillo Rocha y Gustavo P\u00e9rez Ben\u00edtez. Otros dos j\u00f3venes, Alejandro y Gerardo sobrevivieron a una lluvia de balas disparadas por este grupo de soldados.<\/p>\n\n\n\n<p>Adem\u00e1s de una serie de pruebas periciales aportadas por la Fiscal\u00eda General de la Rep\u00fablica (FGR) en la carpeta de investigaci\u00f3n FED\/TAMP\/NVO.LAR\/0000435\/2023<br \/>el testimonio del capit\u00e1n de Caballer\u00eda, Elio Conde Toledano, fue fundamental para que estos cuatro militares fueron encontrados culpables de los homicidios de cinco v\u00edctimas pues asegur\u00f3 que \u201clos cuatro cabos dispararon sin existir una orden superior de por medio\u201d.<\/p>\n\n\n\n<p>La audiencia para la individualizaci\u00f3n de la pena en contra de estos cuatro militares Agust\u00edn \u201cN\u201d, Bernardo \u201cN\u201d, Jorge \u201cN\u201d y Juan Carlos \u201cN\u201d, fue fijada para los d\u00edas 3, 4 y 5 de marzo pr\u00f3ximos con la presencia de familiares de las v\u00edctimas y de sus asesores jur\u00eddicos Roberto Puente y Edgar Netro.<\/p>\n\n\n\n<p>Este martes familiares de las v\u00edctimas expresar\u00e1n su sentir mediante una Conferencia de Prensa acompa\u00f1adas del Comit\u00e9 de Derechos Humanos, pues el pr\u00f3ximo 26 de febrero de cumplir\u00e1n dos a\u00f1os de la masacre de estos cinco j\u00f3venes que fueron emboscados sin haber cometido ning\u00fan delito y despu\u00e9s de esta declaraci\u00f3n a medios proceder\u00e1n a recordar a sus hijos fallecidos en ceremonias privadas.<\/p>\n\n\n\n<p>Responsable del Comunicado:<br>Raymundo Ramos V\u00e1zquez<\/p>\n","protected":false},"excerpt":{"rendered":"<p>V\u00edctimas fueron emboscadas luego de festejar que uno de ellos ser\u00eda pap\u00e1 Agencias Noticias Telered MUEVO LAREDO.- Un Tribunal de Enjuiciamiento encontr\u00f3 culpables de los delitos de Homicidio Calificado y Homicidio Calificado en grado de Tentativa a cuatro militares pertenecientes [&hellip;]<\/p>\n","protected":false},"author":2,"featured_media":111324,"comment_status":"closed","ping_status":"open","sticky":false,"template":"","format":"standard","meta":[],"categories":[77],"tags":[],"_links":{"self":[{"href":"http:\/\/noticiastelered.com\/PortalDNoticias\/wp-json\/wp\/v2\/posts\/111325"}],"collection":[{"href":"http:\/\/noticiastelered.com\/PortalDNoticias\/wp-json\/wp\/v2\/posts"}],"about":[{"href":"http:\/\/noticiastelered.com\/PortalDNoticias\/wp-json\/wp\/v2\/types\/post"}],"author":[{"embeddable":true,"href":"http:\/\/noticiastelered.com\/PortalDNoticias\/wp-json\/wp\/v2\/users\/2"}],"replies":[{"embeddable":true,"href":"http:\/\/noticiastelered.com\/PortalDNoticias\/wp-json\/wp\/v2\/comments?post=111325"}],"version-history":[{"count":1,"href":"http:\/\/noticiastelered.com\/PortalDNoticias\/wp-json\/wp\/v2\/posts\/111325\/revisions"}],"predecessor-version":[{"id":111326,"href":"http:\/\/noticiastelered.com\/PortalDNoticias\/wp-json\/wp\/v2\/posts\/111325\/revisions\/111326"}],"wp:featuredmedia":[{"embeddable":true,"href":"http:\/\/noticiastelered.com\/PortalDNoticias\/wp-json\/wp\/v2\/media\/111324"}],"wp:attachment":[{"href":"http:\/\/noticiastelered.com\/PortalDNoticias\/wp-json\/wp\/v2\/media?parent=111325"}],"wp:term":[{"taxonomy":"category","embeddable":true,"href":"http:\/\/noticiastelered.com\/PortalDNoticias\/wp-json\/wp\/v2\/categories?post=111325"},{"taxonomy":"post_tag","embeddable":true,"href":"http:\/\/noticiastelered.com\/PortalDNoticias\/wp-json\/wp\/v2\/tags?post=111325"}],"curies":[{"name":"wp","href":"https:\/\/api.w.org\/{rel}","templated":true}]}}