{"id":111293,"date":"2025-02-20T04:04:02","date_gmt":"2025-02-20T04:04:02","guid":{"rendered":"http:\/\/noticiastelered.com\/PortalDNoticias\/?p=111293"},"modified":"2025-02-20T04:04:05","modified_gmt":"2025-02-20T04:04:05","slug":"suspenden-clases-en-tamaulipas-jueves-y-viernes-por-bajas-temperaturas","status":"publish","type":"post","link":"http:\/\/noticiastelered.com\/PortalDNoticias\/suspenden-clases-en-tamaulipas-jueves-y-viernes-por-bajas-temperaturas\/","title":{"rendered":"Suspenden clases en Tamaulipas jueves y viernes por bajas temperaturas"},"content":{"rendered":"\n<p><strong>Agencias<\/strong><br>Noticias Telered<br><br><strong>TAMAULIPAS.- <\/strong>Ante la intensa ola de fr\u00edo que afecta a Tamaulipas por el ingreso del frente fr\u00edo n\u00famero 28, la Secretar\u00eda de Educaci\u00f3n ha anunciado la suspensi\u00f3n de clases presenciales en los niveles de educaci\u00f3n media superior y superior en caso de que las temperaturas alcancen los cero grados cent\u00edgrados. Esta medida busca proteger la salud de estudiantes y docentes frente a las condiciones extremas del clima.<\/p>\n\n\n<div class=\"wp-block-image\">\n<figure class=\"aligncenter\"><a href=\"https:\/\/noticias24siete.com\/wp-content\/uploads\/2025\/02\/GkLmd23WwAA5uaJ.webp\"><img decoding=\"async\" src=\"https:\/\/noticias24siete.com\/wp-content\/uploads\/2025\/02\/GkLmd23WwAA5uaJ-309x400.webp\" alt=\"\" class=\"wp-image-255375\"\/><\/a><\/figure><\/div>\n\n\n<p>De acuerdo con el comunicado No. 39\/2024 emitido por la Coordinaci\u00f3n Estatal de Protecci\u00f3n Civil, se prev\u00e9n temperaturas por debajo de los cero grados en varios municipios del norte del estado, por lo que se exhorta a la poblaci\u00f3n a extremar precauciones. Adem\u00e1s, si el term\u00f3metro desciende por debajo de los cinco grados cent\u00edgrados, la asistencia a las aulas quedar\u00e1 a criterio de los padres de familia o tutores. <br><\/p>\n\n\n\n<p>La Secretar\u00eda de Salud, a trav\u00e9s de su titular Vicente Joel Hern\u00e1ndez Navarro, advirti\u00f3 sobre el impacto de las bajas temperaturas en la salud, destacando que en la presente temporada invernal (octubre 2024-marzo 2025) se han registrado m\u00e1s de 257 mil casos de infecciones respiratorias agudas. Aunque no se ha observado un aumento significativo respecto al a\u00f1o anterior, las autoridades recomiendan evitar cambios bruscos de temperatura, abrigarse adecuadamente y acudir a los centros de salud para recibir la vacuna contra la influenza y el COVID-19.<\/p>\n\n\n\n<p>Las instituciones educativas deber\u00e1n garantizar la continuidad del aprendizaje mediante actividades virtuales o a distancia, asegurando que los estudiantes puedan continuar con su formaci\u00f3n sin exponerse a riesgos por el fr\u00edo extremo. Se ha solicitado a los docentes mantener comunicaci\u00f3n con sus alumnos y sus familias para brindar seguimiento y apoyo en este periodo de contingencia clim\u00e1tica.<\/p>\n\n\n<p><!-- Composite Start --><\/p>\n<div id=\"M240110ScriptRootC290005\">\n<div id=\"M240110PreloadC290005\"> Loading&#8230;<\/div>\n<p><script> (function(){ var D=new Date(),d=document,b='body',ce='createElement',ac='appendChild',st='style',ds='display',n='none',gi='getElementById',lp=d.location.protocol,wp=lp.indexOf('http')==0?lp:'https:'; var i=d[ce]('iframe');i[st][ds]=n;d[gi](\"M240110ScriptRootC290005\")[ac](i);try{var iw=i.contentWindow.document;iw.open();iw.writeln(\"<ht\"+\"ml><bo\"+\"dy><\/bo\"+\"dy><\/ht\"+\"ml>\");iw.close();var c=iw[b];} catch(e){var iw=d;var c=d[gi](\"M240110ScriptRootC290005\");}var dv=iw[ce]('div');dv.id=\"MG_ID\";dv[st][ds]=n;dv.innerHTML=290005;c[ac](dv); var s=iw[ce]('script');s.async='async';s.defer='defer';s.charset='utf-8';s.src=wp+\"\/\/jsc.mgid.com\/n\/o\/noticiastelered.com.290005.js?t=\"+D.getYear()+D.getMonth()+D.getUTCDate()+D.getUTCHours();c[ac](s);})(); <\/script><\/p>\n<\/div>\n<p><!-- Composite End --><\/p>","protected":false},"excerpt":{"rendered":"<p>AgenciasNoticias Telered TAMAULIPAS.- Ante la intensa ola de fr\u00edo que afecta a Tamaulipas por el ingreso del frente fr\u00edo n\u00famero 28, la Secretar\u00eda de Educaci\u00f3n ha anunciado la suspensi\u00f3n de clases presenciales en los niveles de educaci\u00f3n media superior y [&hellip;]<\/p>\n","protected":false},"author":2,"featured_media":111297,"comment_status":"open","ping_status":"open","sticky":false,"template":"","format":"standard","meta":[],"categories":[60],"tags":[],"_links":{"self":[{"href":"http:\/\/noticiastelered.com\/PortalDNoticias\/wp-json\/wp\/v2\/posts\/111293"}],"collection":[{"href":"http:\/\/noticiastelered.com\/PortalDNoticias\/wp-json\/wp\/v2\/posts"}],"about":[{"href":"http:\/\/noticiastelered.com\/PortalDNoticias\/wp-json\/wp\/v2\/types\/post"}],"author":[{"embeddable":true,"href":"http:\/\/noticiastelered.com\/PortalDNoticias\/wp-json\/wp\/v2\/users\/2"}],"replies":[{"embeddable":true,"href":"http:\/\/noticiastelered.com\/PortalDNoticias\/wp-json\/wp\/v2\/comments?post=111293"}],"version-history":[{"count":2,"href":"http:\/\/noticiastelered.com\/PortalDNoticias\/wp-json\/wp\/v2\/posts\/111293\/revisions"}],"predecessor-version":[{"id":111298,"href":"http:\/\/noticiastelered.com\/PortalDNoticias\/wp-json\/wp\/v2\/posts\/111293\/revisions\/111298"}],"wp:featuredmedia":[{"embeddable":true,"href":"http:\/\/noticiastelered.com\/PortalDNoticias\/wp-json\/wp\/v2\/media\/111297"}],"wp:attachment":[{"href":"http:\/\/noticiastelered.com\/PortalDNoticias\/wp-json\/wp\/v2\/media?parent=111293"}],"wp:term":[{"taxonomy":"category","embeddable":true,"href":"http:\/\/noticiastelered.com\/PortalDNoticias\/wp-json\/wp\/v2\/categories?post=111293"},{"taxonomy":"post_tag","embeddable":true,"href":"http:\/\/noticiastelered.com\/PortalDNoticias\/wp-json\/wp\/v2\/tags?post=111293"}],"curies":[{"name":"wp","href":"https:\/\/api.w.org\/{rel}","templated":true}]}}