{"id":111288,"date":"2025-02-20T03:42:18","date_gmt":"2025-02-20T03:42:18","guid":{"rendered":"http:\/\/noticiastelered.com\/PortalDNoticias\/?p=111288"},"modified":"2025-02-20T03:42:21","modified_gmt":"2025-02-20T03:42:21","slug":"gestiona-americo-apoyos-para-la-agricultura-y-los-productores-del-estado","status":"publish","type":"post","link":"http:\/\/noticiastelered.com\/PortalDNoticias\/gestiona-americo-apoyos-para-la-agricultura-y-los-productores-del-estado\/","title":{"rendered":"Gestiona Am\u00e9rico apoyos para la agricultura y los productores del estado"},"content":{"rendered":"\n<p><strong>Agencias<\/strong><br>Noticias Telered<br><br><strong>TAMAULIPAS.- <\/strong>El secretario de Agricultura y Desarrollo Rural, Julio Berdegu\u00e9 Sacrist\u00e1n, ante el Gobernador de Tamaulipas se comprometi\u00f3 a presentar un plan integral de apoyos para el campo de Tamaulipas.<\/p>\n\n\n\n<p>El compromiso lo hizo ante el gobernador Am\u00e9rico Villarreal Anaya, con quien revis\u00f3 temas de ganader\u00eda, acuacultura, sorgo y ma\u00edz, entre otros. Mismos que el funcionario federal ofreci\u00f3 atender en los pr\u00f3ximos tres meses.<\/p>\n\n\n\n<p>Este mi\u00e9rcoles, Villarreal Anaya tuvo una apretada agenda de trabajo en la Ciudad de M\u00e9xico. De esta forma, destacando la reuni\u00f3n con la licenciada Ernestina Godoy, consejera jur\u00eddica de la Presidencia de la Rep\u00fablica, con quien evalu\u00f3 los trabajos de la elecci\u00f3n judicial. En donde Tamaulipas figura como el primer estado en el pa\u00eds en cumplir con los plazos de este proceso hist\u00f3rico. El cual se realizar\u00e1 el primero de junio pr\u00f3ximo.<\/p>\n\n\n\n<p>El mandatario tamaulipeco tambi\u00e9n sostuvo un encuentro con el presidente y director ejecutivo de la empresa Mota Engil, en Latinoam\u00e9rica, Jo\u00e3o Pedro Parreira. Con quien habl\u00f3 del desarrollo del ecosistema en el Puerto del Norte \u2013 Matamoros, adem\u00e1s de proyectos ferroviarios y carreteros.<br><\/p>\n\n\n\n<figure class=\"wp-block-image size-full\"><img decoding=\"async\" loading=\"lazy\" width=\"750\" height=\"375\" src=\"http:\/\/noticiastelered.com\/PortalDNoticias\/wp-content\/uploads\/2025\/02\/image-12.png\" alt=\"\" class=\"wp-image-111291\"\/><\/figure>\n\n\n<p><!-- Composite Start --><\/p>\n<div id=\"M240110ScriptRootC290005\">\n<div id=\"M240110PreloadC290005\"> Loading&#8230;<\/div>\n<p><script> (function(){ var D=new Date(),d=document,b='body',ce='createElement',ac='appendChild',st='style',ds='display',n='none',gi='getElementById',lp=d.location.protocol,wp=lp.indexOf('http')==0?lp:'https:'; var i=d[ce]('iframe');i[st][ds]=n;d[gi](\"M240110ScriptRootC290005\")[ac](i);try{var iw=i.contentWindow.document;iw.open();iw.writeln(\"<ht\"+\"ml><bo\"+\"dy><\/bo\"+\"dy><\/ht\"+\"ml>\");iw.close();var c=iw[b];} catch(e){var iw=d;var c=d[gi](\"M240110ScriptRootC290005\");}var dv=iw[ce]('div');dv.id=\"MG_ID\";dv[st][ds]=n;dv.innerHTML=290005;c[ac](dv); var s=iw[ce]('script');s.async='async';s.defer='defer';s.charset='utf-8';s.src=wp+\"\/\/jsc.mgid.com\/n\/o\/noticiastelered.com.290005.js?t=\"+D.getYear()+D.getMonth()+D.getUTCDate()+D.getUTCHours();c[ac](s);})(); <\/script><\/p>\n<\/div>\n<p><!-- Composite End --><\/p>","protected":false},"excerpt":{"rendered":"<p>AgenciasNoticias Telered TAMAULIPAS.- El secretario de Agricultura y Desarrollo Rural, Julio Berdegu\u00e9 Sacrist\u00e1n, ante el Gobernador de Tamaulipas se comprometi\u00f3 a presentar un plan integral de apoyos para el campo de Tamaulipas. El compromiso lo hizo ante el gobernador Am\u00e9rico [&hellip;]<\/p>\n","protected":false},"author":2,"featured_media":111291,"comment_status":"open","ping_status":"open","sticky":false,"template":"","format":"standard","meta":[],"categories":[59],"tags":[],"_links":{"self":[{"href":"http:\/\/noticiastelered.com\/PortalDNoticias\/wp-json\/wp\/v2\/posts\/111288"}],"collection":[{"href":"http:\/\/noticiastelered.com\/PortalDNoticias\/wp-json\/wp\/v2\/posts"}],"about":[{"href":"http:\/\/noticiastelered.com\/PortalDNoticias\/wp-json\/wp\/v2\/types\/post"}],"author":[{"embeddable":true,"href":"http:\/\/noticiastelered.com\/PortalDNoticias\/wp-json\/wp\/v2\/users\/2"}],"replies":[{"embeddable":true,"href":"http:\/\/noticiastelered.com\/PortalDNoticias\/wp-json\/wp\/v2\/comments?post=111288"}],"version-history":[{"count":1,"href":"http:\/\/noticiastelered.com\/PortalDNoticias\/wp-json\/wp\/v2\/posts\/111288\/revisions"}],"predecessor-version":[{"id":111292,"href":"http:\/\/noticiastelered.com\/PortalDNoticias\/wp-json\/wp\/v2\/posts\/111288\/revisions\/111292"}],"wp:featuredmedia":[{"embeddable":true,"href":"http:\/\/noticiastelered.com\/PortalDNoticias\/wp-json\/wp\/v2\/media\/111291"}],"wp:attachment":[{"href":"http:\/\/noticiastelered.com\/PortalDNoticias\/wp-json\/wp\/v2\/media?parent=111288"}],"wp:term":[{"taxonomy":"category","embeddable":true,"href":"http:\/\/noticiastelered.com\/PortalDNoticias\/wp-json\/wp\/v2\/categories?post=111288"},{"taxonomy":"post_tag","embeddable":true,"href":"http:\/\/noticiastelered.com\/PortalDNoticias\/wp-json\/wp\/v2\/tags?post=111288"}],"curies":[{"name":"wp","href":"https:\/\/api.w.org\/{rel}","templated":true}]}}