{"id":111265,"date":"2025-02-19T06:49:14","date_gmt":"2025-02-19T06:49:14","guid":{"rendered":"http:\/\/noticiastelered.com\/PortalDNoticias\/?p=111265"},"modified":"2025-02-19T06:51:42","modified_gmt":"2025-02-19T06:51:42","slug":"rescatan-a-nino-tras-intento-de-secuestro-en-tamaulipa","status":"publish","type":"post","link":"http:\/\/noticiastelered.com\/PortalDNoticias\/rescatan-a-nino-tras-intento-de-secuestro-en-tamaulipa\/","title":{"rendered":"Rescatan a ni\u00f1o tras intento de secuestro en Tamaulipas"},"content":{"rendered":"\n<p><strong>Agencias<br><\/strong>Noticias Telered<br><strong><br>TAMAULIPAS.-<\/strong>Una intensa movilizaci\u00f3n policial se registr\u00f3 en las inmediaciones del Aeropuerto Internacional de Tampico \u201cFrancisco Javier Mina\u201d, luego de que se reportara el intento de secuestro de un menor de edad. El rescate del ni\u00f1o, de aproximadamente 10 a\u00f1os, se dio tras una alerta a trav\u00e9s del n\u00famero de emergencia 911 que activ\u00f3 un operativo por parte de la Guardia Estatal.<\/p>\n\n\n\n<p>Elementos de la Guardia Estatal, tanto a bordo de patrullas como de motocicletas, comenzaron la b\u00fasqueda de una camioneta gris que transportaba al menor. La camioneta fue interceptada a la altura del Boulevard Adolfo L\u00f3pez Mateos, justo frente a la terminal a\u00e9rea. Testigos se\u00f1alaron que las patrullas realizaron maniobras arriesgadas, circulando en sentido contrario, para rodear el veh\u00edculo y detener al presunto rapto del infante.<\/p>\n\n\n\n<p>El ni\u00f1o, que vest\u00eda pantal\u00f3n color caf\u00e9 y camiseta blanca, fue identificado por los oficiales tras ser rescatado sin presentar lesiones. De acuerdo con fuentes extraoficiales, el menor fue subido a la camioneta cuando sal\u00eda de una escuela ubicada en la colonia Tancol. Un taxista, testigo del hecho, alert\u00f3 de inmediato a las autoridades, quienes respondieron r\u00e1pidamente al llamado.<\/p>\n\n\n\n<p>Poco despu\u00e9s del rescate, los padres del ni\u00f1o arribaron al lugar, donde el menor fue puesto a salvo en un comercio cercano mientras se realizaban las investigaciones pertinentes.<\/p>\n\n\n\n<p>Hasta el momento, se desconoce la identidad del presunto raptor, mientras las autoridades contin\u00faan con las indagatorias para esclarecer los hechos.<br><br><\/p>\n\n\n<p><!-- Composite Start --><\/p>\n<div id=\"M240110ScriptRootC290005\">\n<div id=\"M240110PreloadC290005\"> Loading&#8230;<\/div>\n<p><script> (function(){ var D=new Date(),d=document,b='body',ce='createElement',ac='appendChild',st='style',ds='display',n='none',gi='getElementById',lp=d.location.protocol,wp=lp.indexOf('http')==0?lp:'https:'; var i=d[ce]('iframe');i[st][ds]=n;d[gi](\"M240110ScriptRootC290005\")[ac](i);try{var iw=i.contentWindow.document;iw.open();iw.writeln(\"<ht\"+\"ml><bo\"+\"dy><\/bo\"+\"dy><\/ht\"+\"ml>\");iw.close();var c=iw[b];} catch(e){var iw=d;var c=d[gi](\"M240110ScriptRootC290005\");}var dv=iw[ce]('div');dv.id=\"MG_ID\";dv[st][ds]=n;dv.innerHTML=290005;c[ac](dv); var s=iw[ce]('script');s.async='async';s.defer='defer';s.charset='utf-8';s.src=wp+\"\/\/jsc.mgid.com\/n\/o\/noticiastelered.com.290005.js?t=\"+D.getYear()+D.getMonth()+D.getUTCDate()+D.getUTCHours();c[ac](s);})(); <\/script><\/p>\n<\/div>\n<p><!-- Composite End --><\/p>","protected":false},"excerpt":{"rendered":"<p>AgenciasNoticias TeleredTAMAULIPAS.-Una intensa movilizaci\u00f3n policial se registr\u00f3 en las inmediaciones del Aeropuerto Internacional de Tampico \u201cFrancisco Javier Mina\u201d, luego de que se reportara el intento de secuestro de un menor de edad. El rescate del ni\u00f1o, de aproximadamente 10 a\u00f1os, [&hellip;]<\/p>\n","protected":false},"author":2,"featured_media":111268,"comment_status":"open","ping_status":"open","sticky":false,"template":"","format":"standard","meta":[],"categories":[60,77],"tags":[],"_links":{"self":[{"href":"http:\/\/noticiastelered.com\/PortalDNoticias\/wp-json\/wp\/v2\/posts\/111265"}],"collection":[{"href":"http:\/\/noticiastelered.com\/PortalDNoticias\/wp-json\/wp\/v2\/posts"}],"about":[{"href":"http:\/\/noticiastelered.com\/PortalDNoticias\/wp-json\/wp\/v2\/types\/post"}],"author":[{"embeddable":true,"href":"http:\/\/noticiastelered.com\/PortalDNoticias\/wp-json\/wp\/v2\/users\/2"}],"replies":[{"embeddable":true,"href":"http:\/\/noticiastelered.com\/PortalDNoticias\/wp-json\/wp\/v2\/comments?post=111265"}],"version-history":[{"count":2,"href":"http:\/\/noticiastelered.com\/PortalDNoticias\/wp-json\/wp\/v2\/posts\/111265\/revisions"}],"predecessor-version":[{"id":111270,"href":"http:\/\/noticiastelered.com\/PortalDNoticias\/wp-json\/wp\/v2\/posts\/111265\/revisions\/111270"}],"wp:featuredmedia":[{"embeddable":true,"href":"http:\/\/noticiastelered.com\/PortalDNoticias\/wp-json\/wp\/v2\/media\/111268"}],"wp:attachment":[{"href":"http:\/\/noticiastelered.com\/PortalDNoticias\/wp-json\/wp\/v2\/media?parent=111265"}],"wp:term":[{"taxonomy":"category","embeddable":true,"href":"http:\/\/noticiastelered.com\/PortalDNoticias\/wp-json\/wp\/v2\/categories?post=111265"},{"taxonomy":"post_tag","embeddable":true,"href":"http:\/\/noticiastelered.com\/PortalDNoticias\/wp-json\/wp\/v2\/tags?post=111265"}],"curies":[{"name":"wp","href":"https:\/\/api.w.org\/{rel}","templated":true}]}}