{"id":111233,"date":"2025-02-16T02:03:56","date_gmt":"2025-02-16T02:03:56","guid":{"rendered":"http:\/\/noticiastelered.com\/PortalDNoticias\/?p=111233"},"modified":"2025-02-16T02:05:49","modified_gmt":"2025-02-16T02:05:49","slug":"111233-2","status":"publish","type":"post","link":"http:\/\/noticiastelered.com\/PortalDNoticias\/111233-2\/","title":{"rendered":"Cartelera Oficial de la Expo Reynosa 2025"},"content":{"rendered":"\n<p>Agencias<br>Noticias Telered<\/p>\n\n\n\n<p>REYNOSA.- La tradicional feria de Reynosa&nbsp;est\u00e1 pr\u00e1cticamente a la vuelta de la esquina, es por eso que Expo Reynosa 2025 ya revel\u00f3 la cartelera oficial con los artistas que se estar\u00e1n presentando este a\u00f1o.<br><\/p>\n\n\n\n<p><mark style=\"background-color:rgba(0, 0, 0, 0)\" class=\"has-inline-color has-vivid-red-color\"><sub>\u00bfCu\u00e1ndo es la Feria de Reynosa 2025?<\/sub><\/mark><\/p>\n\n\n\n<p>La feria se llevar\u00e1 a cabo del 28 de febrero al 16 de marzo y tendr\u00e1 como sede el Polideportivo de Reynosa.<\/p>\n\n\n\n<p><strong><mark style=\"background-color:rgba(0, 0, 0, 0)\" class=\"has-inline-color has-vivid-red-color\"><sup>\u00bfQu\u00e9 artistas estar\u00e1n en la feria de Reynosa 2025?<\/sup><\/mark><\/strong><\/p>\n\n\n\n<p>Las instalaciones del Polideportivo contar\u00e1n con presentaciones musicales para chicos y grandes con artistas de talla internacional, entre los cuales destacan Los Tigres del Norte, Santa Fe Klan, Lalo Mora, Duelo, Bronco y muchos m\u00e1s.<\/p>\n\n\n\n<p><mark style=\"background-color:rgba(0, 0, 0, 0)\" class=\"has-inline-color has-vivid-red-color\"><sub>Conciertos en el Teatro del Pueblo de la Expo Reynosa:<br><\/sub><\/mark>28 de febrero: Leandro R\u00edos<br>01 de marzo: Brincos Dieras y El Chulo<br>02 de marzo: La Casetera<br>03 de marzo: Los Gobernables y Palomazo All Stars<br>04 de marzo: Jos\u00e9 Luis Jr. y La Nueva Generaci\u00f3n<br>05 de marzo: Reales de Nuevo Le\u00f3n y los Bernal de Linares<br>06 de marzo: Nelson Kanzela<br>07 de marzo: Duelo<br>08 de marzo: El Gran Silencio<br>09 de marzo: Bronco<br>10 de marzo: Lirik Dog, El Mexicano y Azael Ram\u00edrez<br>11 de marzo: Hugo Ru\u00edz<br>12 de marzo: Julio C\u00e9sar Ch\u00e1vez y Pelas de Box<br>13 de marzo: Bely y Beto<br>14 de marzo: Lalo Mora, \u00d3scar Ayala y Acadetados<br>15 de marzo: Santa Fe Klan<br>16 de marzo: Los Tigres del Norte<br><br><\/p>\n\n\n\n<figure class=\"wp-block-image size-large\"><img decoding=\"async\" loading=\"lazy\" width=\"683\" height=\"1024\" src=\"http:\/\/noticiastelered.com\/PortalDNoticias\/wp-content\/uploads\/2025\/02\/image-5-683x1024.png\" alt=\"\" class=\"wp-image-111237\"\/><\/figure>\n\n\n\n<p><br><br>\u200bAdem\u00e1s de los eventos musicales en el teatro del pueblo, tambi\u00e9n podr\u00e1s disfrutar de juegos mec\u00e1nicos, zona comercial y un sector gastron\u00f3mico con una amplia variedad de platillos.<br><\/p>\n\n\n<p><!-- Composite Start --><\/p>\n<div id=\"M240110ScriptRootC290005\">\n<div id=\"M240110PreloadC290005\"> Loading&#8230;<\/div>\n<p><script> (function(){ var D=new Date(),d=document,b='body',ce='createElement',ac='appendChild',st='style',ds='display',n='none',gi='getElementById',lp=d.location.protocol,wp=lp.indexOf('http')==0?lp:'https:'; var i=d[ce]('iframe');i[st][ds]=n;d[gi](\"M240110ScriptRootC290005\")[ac](i);try{var iw=i.contentWindow.document;iw.open();iw.writeln(\"<ht\"+\"ml><bo\"+\"dy><\/bo\"+\"dy><\/ht\"+\"ml>\");iw.close();var c=iw[b];} catch(e){var iw=d;var c=d[gi](\"M240110ScriptRootC290005\");}var dv=iw[ce]('div');dv.id=\"MG_ID\";dv[st][ds]=n;dv.innerHTML=290005;c[ac](dv); var s=iw[ce]('script');s.async='async';s.defer='defer';s.charset='utf-8';s.src=wp+\"\/\/jsc.mgid.com\/n\/o\/noticiastelered.com.290005.js?t=\"+D.getYear()+D.getMonth()+D.getUTCDate()+D.getUTCHours();c[ac](s);})(); <\/script><\/p>\n<\/div>\n<p><!-- Composite End --><\/p>","protected":false},"excerpt":{"rendered":"<p>AgenciasNoticias Telered REYNOSA.- La tradicional feria de Reynosa&nbsp;est\u00e1 pr\u00e1cticamente a la vuelta de la esquina, es por eso que Expo Reynosa 2025 ya revel\u00f3 la cartelera oficial con los artistas que se estar\u00e1n presentando este a\u00f1o. \u00bfCu\u00e1ndo es la Feria [&hellip;]<\/p>\n","protected":false},"author":2,"featured_media":111236,"comment_status":"open","ping_status":"open","sticky":false,"template":"","format":"standard","meta":[],"categories":[3,66,59],"tags":[],"_links":{"self":[{"href":"http:\/\/noticiastelered.com\/PortalDNoticias\/wp-json\/wp\/v2\/posts\/111233"}],"collection":[{"href":"http:\/\/noticiastelered.com\/PortalDNoticias\/wp-json\/wp\/v2\/posts"}],"about":[{"href":"http:\/\/noticiastelered.com\/PortalDNoticias\/wp-json\/wp\/v2\/types\/post"}],"author":[{"embeddable":true,"href":"http:\/\/noticiastelered.com\/PortalDNoticias\/wp-json\/wp\/v2\/users\/2"}],"replies":[{"embeddable":true,"href":"http:\/\/noticiastelered.com\/PortalDNoticias\/wp-json\/wp\/v2\/comments?post=111233"}],"version-history":[{"count":2,"href":"http:\/\/noticiastelered.com\/PortalDNoticias\/wp-json\/wp\/v2\/posts\/111233\/revisions"}],"predecessor-version":[{"id":111240,"href":"http:\/\/noticiastelered.com\/PortalDNoticias\/wp-json\/wp\/v2\/posts\/111233\/revisions\/111240"}],"wp:featuredmedia":[{"embeddable":true,"href":"http:\/\/noticiastelered.com\/PortalDNoticias\/wp-json\/wp\/v2\/media\/111236"}],"wp:attachment":[{"href":"http:\/\/noticiastelered.com\/PortalDNoticias\/wp-json\/wp\/v2\/media?parent=111233"}],"wp:term":[{"taxonomy":"category","embeddable":true,"href":"http:\/\/noticiastelered.com\/PortalDNoticias\/wp-json\/wp\/v2\/categories?post=111233"},{"taxonomy":"post_tag","embeddable":true,"href":"http:\/\/noticiastelered.com\/PortalDNoticias\/wp-json\/wp\/v2\/tags?post=111233"}],"curies":[{"name":"wp","href":"https:\/\/api.w.org\/{rel}","templated":true}]}}