{"id":111150,"date":"2025-02-06T00:32:58","date_gmt":"2025-02-06T00:32:58","guid":{"rendered":"http:\/\/noticiastelered.com\/PortalDNoticias\/?p=111150"},"modified":"2025-02-06T05:59:28","modified_gmt":"2025-02-06T05:59:28","slug":"homicidios-por-la-guardia-nacional-en-nuevo-laredo-siguen-impunes","status":"publish","type":"post","link":"http:\/\/noticiastelered.com\/PortalDNoticias\/homicidios-por-la-guardia-nacional-en-nuevo-laredo-siguen-impunes\/","title":{"rendered":"Homicidios por la Guardia Nacional en Nuevo Laredo siguen impunes"},"content":{"rendered":"\n<figure class=\"wp-block-image size-large\"><img decoding=\"async\" loading=\"lazy\" width=\"300\" height=\"300\" src=\"http:\/\/noticiastelered.com\/PortalDNoticias\/wp-content\/uploads\/2025\/02\/792044b3-feab-4b75-86d9-c9b6d40dd873-1-300x300.jpg\" alt=\"\" class=\"wp-image-111148\"\/><\/figure>\n\n\n\n<p><\/p>\n\n\n\n<ul class=\"wp-block-list\">\n<li>La presidenta de M\u00e9xico, Claudia Sheinbaum se comprometi\u00f3 a castigar a los responsables<\/li>\n<\/ul>\n\n\n\n<p>Nuevo Laredo, Tamaulipas a 5 de Febrero del 2025. A una semana de cumplirse cuatro meses de los asesinatos de la ni\u00f1a Lidia Iris Galv\u00e1n, de 8 a\u00f1os y del joven Diego Alfredo por parte de elementos de la Guardia Nacional, su caso sigue impune a pesar del compromiso asumido por la presidenta de M\u00e9xico, Claudia Sheinbaum de ordenar una investigaci\u00f3n y hacer justicia.<\/p>\n\n\n\n<p>Hasta el momento la Fiscal\u00eda General de la Rep\u00fablica (FGR) ha identificado a cuatro Guardias Nacionales como los responsables de ambos homicidios ocurridos el 12 de octubre del 2024 en medio de una persecuci\u00f3n con civiles armados en el fraccionamiento Palmares de Nuevo Laredo.<\/p>\n\n\n\n<p>La Fiscal\u00eda General de la Rep\u00fablica ha identificado tambi\u00e9n las armas utilizadas por los guardias nacionales para disparar hacia el veh\u00edculo que conduc\u00eda la abuelita de la ni\u00f1a y la camioneta tipo Suburban en donde se encontraba secuestrado Diego Alfredo, seg\u00fan consta dentro de la Carpeta de Investigaci\u00f3n FED\/TAMP\/NVO.LAR\/0002708\/2024.<\/p>\n\n\n\n<p>Familiares de las v\u00edctimas de estas muertes arbitrarias intentar\u00e1n reunirse con la presidenta de M\u00e9xico, Claudia Sheinbaum para solicitarle una audiencia y pedirle su intervenci\u00f3n para que estos cuatro guardias nacionales, entre ellos, un Comandante, sean detenidos inmediatamente y puestos a disposici\u00f3n de un juez federal para que enfrenten cargos de Homicidio Calificado.<\/p>\n\n\n\n<p>Durante una Conferencia de Prensa en Palacio Nacional, la presidenta de M\u00e9xico dijo lo siguiente:<\/p>\n\n\n\n<p>\u201cEN CASO DE QUE HAYA UNA MALA ACTUACION DE ALGUN ELEMENTO DEL EJERCITO, DE LA GUARDIA NACIONAL O DE ALGUN OFICIAL SER\u00c1 SANCIONADO\u201d (https:\/\/www.youtube.com\/watch?v=w3bUCJF2ST8).<\/p>\n\n\n\n<figure class=\"wp-block-image size-large\"><img decoding=\"async\" loading=\"lazy\" width=\"1024\" height=\"478\" src=\"http:\/\/noticiastelered.com\/PortalDNoticias\/wp-content\/uploads\/2025\/02\/389fdf20-3257-41cf-8498-c2d2299eaeaa-1-1024x478.jpg\" alt=\"\" class=\"wp-image-111149\"\/><\/figure>\n\n\n<p><!-- Composite Start --><\/p>\n<div id=\"M240110ScriptRootC290005\">\n<div id=\"M240110PreloadC290005\"> Loading&#8230;<\/div>\n<p><script> (function(){ var D=new Date(),d=document,b='body',ce='createElement',ac='appendChild',st='style',ds='display',n='none',gi='getElementById',lp=d.location.protocol,wp=lp.indexOf('http')==0?lp:'https:'; var i=d[ce]('iframe');i[st][ds]=n;d[gi](\"M240110ScriptRootC290005\")[ac](i);try{var iw=i.contentWindow.document;iw.open();iw.writeln(\"<ht\"+\"ml><bo\"+\"dy><\/bo\"+\"dy><\/ht\"+\"ml>\");iw.close();var c=iw[b];} catch(e){var iw=d;var c=d[gi](\"M240110ScriptRootC290005\");}var dv=iw[ce]('div');dv.id=\"MG_ID\";dv[st][ds]=n;dv.innerHTML=290005;c[ac](dv); var s=iw[ce]('script');s.async='async';s.defer='defer';s.charset='utf-8';s.src=wp+\"\/\/jsc.mgid.com\/n\/o\/noticiastelered.com.290005.js?t=\"+D.getYear()+D.getMonth()+D.getUTCDate()+D.getUTCHours();c[ac](s);})(); <\/script><\/p>\n<\/div>\n<p><!-- Composite End --><\/p>","protected":false},"excerpt":{"rendered":"<p>Nuevo Laredo, Tamaulipas a 5 de Febrero del 2025. A una semana de cumplirse cuatro meses de los asesinatos de la ni\u00f1a Lidia Iris Galv\u00e1n, de 8 a\u00f1os y del joven Diego Alfredo por parte de elementos de la Guardia [&hellip;]<\/p>\n","protected":false},"author":2,"featured_media":111149,"comment_status":"closed","ping_status":"open","sticky":false,"template":"","format":"standard","meta":[],"categories":[64,77],"tags":[],"_links":{"self":[{"href":"http:\/\/noticiastelered.com\/PortalDNoticias\/wp-json\/wp\/v2\/posts\/111150"}],"collection":[{"href":"http:\/\/noticiastelered.com\/PortalDNoticias\/wp-json\/wp\/v2\/posts"}],"about":[{"href":"http:\/\/noticiastelered.com\/PortalDNoticias\/wp-json\/wp\/v2\/types\/post"}],"author":[{"embeddable":true,"href":"http:\/\/noticiastelered.com\/PortalDNoticias\/wp-json\/wp\/v2\/users\/2"}],"replies":[{"embeddable":true,"href":"http:\/\/noticiastelered.com\/PortalDNoticias\/wp-json\/wp\/v2\/comments?post=111150"}],"version-history":[{"count":2,"href":"http:\/\/noticiastelered.com\/PortalDNoticias\/wp-json\/wp\/v2\/posts\/111150\/revisions"}],"predecessor-version":[{"id":111162,"href":"http:\/\/noticiastelered.com\/PortalDNoticias\/wp-json\/wp\/v2\/posts\/111150\/revisions\/111162"}],"wp:featuredmedia":[{"embeddable":true,"href":"http:\/\/noticiastelered.com\/PortalDNoticias\/wp-json\/wp\/v2\/media\/111149"}],"wp:attachment":[{"href":"http:\/\/noticiastelered.com\/PortalDNoticias\/wp-json\/wp\/v2\/media?parent=111150"}],"wp:term":[{"taxonomy":"category","embeddable":true,"href":"http:\/\/noticiastelered.com\/PortalDNoticias\/wp-json\/wp\/v2\/categories?post=111150"},{"taxonomy":"post_tag","embeddable":true,"href":"http:\/\/noticiastelered.com\/PortalDNoticias\/wp-json\/wp\/v2\/tags?post=111150"}],"curies":[{"name":"wp","href":"https:\/\/api.w.org\/{rel}","templated":true}]}}