{"id":111080,"date":"2025-01-23T04:31:12","date_gmt":"2025-01-23T04:31:12","guid":{"rendered":"http:\/\/noticiastelered.com\/PortalDNoticias\/?p=111080"},"modified":"2025-01-23T04:31:13","modified_gmt":"2025-01-23T04:31:13","slug":"rector-damaso-anaya-supervisa-obras-de-la-uat-en-nuevo-laredo","status":"publish","type":"post","link":"http:\/\/noticiastelered.com\/PortalDNoticias\/rector-damaso-anaya-supervisa-obras-de-la-uat-en-nuevo-laredo\/","title":{"rendered":"Rector D\u00e1maso Anaya supervisa obras de la UAT en Nuevo Laredo"},"content":{"rendered":"<p>El rector de la Universidad Aut\u00f3noma de Tamaulipas (UAT), D\u00e1maso Anaya Alvarado, visit\u00f3<br \/>\nla Facultad de Comercio, Administraci\u00f3n y Ciencias Sociales Nuevo Laredo, donde<br \/>\nsupervis\u00f3 el refugio temporal habilitado para apoyar a las personas ante las bajas<br \/>\ntemperaturas, adem\u00e1s de los avances de nuevos proyectos y obras de infraestructura.<\/p>\n<p>Acompa\u00f1ado por el director de la Facultad, Ren\u00e9 Adri\u00e1n Salinas Salinas, el rector visit\u00f3 el<br \/>\nespacio habilitado como refugio en el auditorio del plantel, donde resalt\u00f3 la colaboraci\u00f3n<br \/>\nde la Universidad con el gobierno estatal y municipal para servir a la sociedad no solo en<br \/>\nlo acad\u00e9mico, sino tambi\u00e9n en contingencias ambientales como las que se han presentado<br \/>\nen esta temporada invernal.<\/p>\n<p>Por otra parte, constat\u00f3 los avances de una serie de proyectos, entre los que se<br \/>\nencuentran la construcci\u00f3n de una nueva entrada principal, la edificaci\u00f3n de un gimnasio,<br \/>\nla remodelaci\u00f3n del centro de c\u00f3mputo y el desarrollo del Pulm\u00f3n Universitario, un<br \/>\nproyecto que busca promover la sostenibilidad y el cuidado del medio ambiente.<\/p>\n<p>De igual manera, conoci\u00f3 el avance de lo que ser\u00e1 el espacio cultural de la UAT en esta<br \/>\ninstituci\u00f3n acad\u00e9mica, que se construye con el apoyo de la empresa Super Transporte<br \/>\nInternacional (STI), el cual se inaugurar\u00e1 pr\u00f3ximamente y ser\u00e1 clave para el<br \/>\nfortalecimiento de las actividades culturales y art\u00edsticas en la regi\u00f3n.<\/p>\n<p>En el recorrido, D\u00e1maso Anaya estuvo acompa\u00f1ado tambi\u00e9n por la directora de la Facultad de Enfermer\u00eda Nuevo Laredo, Ver\u00f3nica Guajardo Balderas, subrayando el compromiso de fortalecer la infraestructura universitaria y mejorar los servicios ofrecidos a la comunidad estudiantil en las diferentes dependencias acad\u00e9micas de la UAT en la zona norte del estado.<br \/>\n<!-- Composite Start --><\/p>\n<div id=\"M240110ScriptRootC290005\">\n<div id=\"M240110PreloadC290005\"> Loading&#8230;<\/div>\n<p><script> (function(){ var D=new Date(),d=document,b='body',ce='createElement',ac='appendChild',st='style',ds='display',n='none',gi='getElementById',lp=d.location.protocol,wp=lp.indexOf('http')==0?lp:'https:'; var i=d[ce]('iframe');i[st][ds]=n;d[gi](\"M240110ScriptRootC290005\")[ac](i);try{var iw=i.contentWindow.document;iw.open();iw.writeln(\"<ht\"+\"ml><bo\"+\"dy><\/bo\"+\"dy><\/ht\"+\"ml>\");iw.close();var c=iw[b];} catch(e){var iw=d;var c=d[gi](\"M240110ScriptRootC290005\");}var dv=iw[ce]('div');dv.id=\"MG_ID\";dv[st][ds]=n;dv.innerHTML=290005;c[ac](dv); var s=iw[ce]('script');s.async='async';s.defer='defer';s.charset='utf-8';s.src=wp+\"\/\/jsc.mgid.com\/n\/o\/noticiastelered.com.290005.js?t=\"+D.getYear()+D.getMonth()+D.getUTCDate()+D.getUTCHours();c[ac](s);})(); <\/script><\/p>\n<\/div>\n","protected":false},"excerpt":{"rendered":"<p>El rector de la Universidad Aut\u00f3noma de Tamaulipas (UAT), D\u00e1maso Anaya Alvarado, visit\u00f3 la Facultad de Comercio, Administraci\u00f3n y Ciencias Sociales Nuevo Laredo, donde supervis\u00f3 el refugio temporal habilitado para apoyar a las personas ante las bajas temperaturas, adem\u00e1s de [&hellip;]<\/p>\n","protected":false},"author":7,"featured_media":111083,"comment_status":"open","ping_status":"open","sticky":false,"template":"","format":"standard","meta":[],"categories":[59],"tags":[],"_links":{"self":[{"href":"http:\/\/noticiastelered.com\/PortalDNoticias\/wp-json\/wp\/v2\/posts\/111080"}],"collection":[{"href":"http:\/\/noticiastelered.com\/PortalDNoticias\/wp-json\/wp\/v2\/posts"}],"about":[{"href":"http:\/\/noticiastelered.com\/PortalDNoticias\/wp-json\/wp\/v2\/types\/post"}],"author":[{"embeddable":true,"href":"http:\/\/noticiastelered.com\/PortalDNoticias\/wp-json\/wp\/v2\/users\/7"}],"replies":[{"embeddable":true,"href":"http:\/\/noticiastelered.com\/PortalDNoticias\/wp-json\/wp\/v2\/comments?post=111080"}],"version-history":[{"count":1,"href":"http:\/\/noticiastelered.com\/PortalDNoticias\/wp-json\/wp\/v2\/posts\/111080\/revisions"}],"predecessor-version":[{"id":111084,"href":"http:\/\/noticiastelered.com\/PortalDNoticias\/wp-json\/wp\/v2\/posts\/111080\/revisions\/111084"}],"wp:featuredmedia":[{"embeddable":true,"href":"http:\/\/noticiastelered.com\/PortalDNoticias\/wp-json\/wp\/v2\/media\/111083"}],"wp:attachment":[{"href":"http:\/\/noticiastelered.com\/PortalDNoticias\/wp-json\/wp\/v2\/media?parent=111080"}],"wp:term":[{"taxonomy":"category","embeddable":true,"href":"http:\/\/noticiastelered.com\/PortalDNoticias\/wp-json\/wp\/v2\/categories?post=111080"},{"taxonomy":"post_tag","embeddable":true,"href":"http:\/\/noticiastelered.com\/PortalDNoticias\/wp-json\/wp\/v2\/tags?post=111080"}],"curies":[{"name":"wp","href":"https:\/\/api.w.org\/{rel}","templated":true}]}}