{"id":111013,"date":"2025-01-17T04:38:25","date_gmt":"2025-01-17T04:38:25","guid":{"rendered":"http:\/\/noticiastelered.com\/PortalDNoticias\/?p=111013"},"modified":"2025-01-17T04:38:26","modified_gmt":"2025-01-17T04:38:26","slug":"piden-prepararse-para-el-frio-que-viene-hacia-tamaulipas","status":"publish","type":"post","link":"http:\/\/noticiastelered.com\/PortalDNoticias\/piden-prepararse-para-el-frio-que-viene-hacia-tamaulipas\/","title":{"rendered":"Piden prepararse para el fr\u00edo que viene hacia Tamaulipas"},"content":{"rendered":"<p>CIUDAD VICTORIA, TAMAULIPAS.- La Coordinaci\u00f3n Estatal de Protecci\u00f3n Civil de Tamaulipas ha emitido una advertencia sobre la llegada de una masa de aire \u00e1rtico que podr\u00eda provocar un descenso significativo en las temperaturas con valores menores a 0 grados en algunas regiones del Estado.<\/p>\n<p>Este fen\u00f3meno, previsto entre el 19 y el 22 de enero, se perfila como uno de los episodios m\u00e1s fr\u00edos en lo que va del a\u00f1o, seg\u00fan inform\u00f3 el \u00e1rea de meteorolog\u00eda de la dependencia.<\/p>\n<p>El ingreso de esta masa de aire fr\u00edo desde los Estados Unidos podr\u00eda generar temperaturas m\u00e1s bajas de lo habitual, acompa\u00f1adas de lloviznas o lluvias y un evento \u201cNorte\u201d fuerte.<\/p>\n<p>Dichas condiciones clim\u00e1ticas severas representan un riesgo para la poblaci\u00f3n, especialmente para los sectores m\u00e1s vulnerables, como ni\u00f1os, adultos mayores y personas en situaci\u00f3n de calle.<\/p>\n<p>Ante esta situaci\u00f3n, Protecci\u00f3n Civil recomienda a la ciudadan\u00eda mantenerse informada a trav\u00e9s de canales oficiales y evitar la propagaci\u00f3n de rumores o noticias falsas.<\/p>\n<p>Adem\u00e1s, hace un llamado a tomar medidas preventivas, tales como:<\/p>\n<p>\u2022 Abrigarse adecuadamente y proteger a los m\u00e1s vulnerables.<\/p>\n<p>\u2022 Evitar cambios bruscos de temperatura y el uso de calefactores en espacios cerrados sin ventilaci\u00f3n.<\/p>\n<p>\u2022 Resguardar a las mascotas y proteger plantas sensibles al fr\u00edo.<\/p>\n<p>\u2022 Estar atentos a posibles actualizaciones sobre las condiciones meteorol\u00f3gicas.<\/p>\n<p>La Coordinaci\u00f3n Estatal tambi\u00e9n enfatiz\u00f3 la importancia de no bajar la guardia ante estos eventos clim\u00e1ticos y de seguir las indicaciones emitidas por las autoridades.<\/p>\n<p>Se espera que las pr\u00f3ximas horas sean cruciales para confirmar la evoluci\u00f3n y el impacto de este sistema \u00e1rtico en Tamaulipas.<\/p>\n<p>Para m\u00e1s informaci\u00f3n y actualizaciones, se invita a la poblaci\u00f3n a consultar las redes sociales y comunicados oficiales de Protecci\u00f3n Civil Tamaulipas.<br \/>\n<!-- Composite Start --><\/p>\n<div id=\"M240110ScriptRootC290005\">\n<div id=\"M240110PreloadC290005\"> Loading&#8230;<\/div>\n<p><script> (function(){ var D=new Date(),d=document,b='body',ce='createElement',ac='appendChild',st='style',ds='display',n='none',gi='getElementById',lp=d.location.protocol,wp=lp.indexOf('http')==0?lp:'https:'; var i=d[ce]('iframe');i[st][ds]=n;d[gi](\"M240110ScriptRootC290005\")[ac](i);try{var iw=i.contentWindow.document;iw.open();iw.writeln(\"<ht\"+\"ml><bo\"+\"dy><\/bo\"+\"dy><\/ht\"+\"ml>\");iw.close();var c=iw[b];} catch(e){var iw=d;var c=d[gi](\"M240110ScriptRootC290005\");}var dv=iw[ce]('div');dv.id=\"MG_ID\";dv[st][ds]=n;dv.innerHTML=290005;c[ac](dv); var s=iw[ce]('script');s.async='async';s.defer='defer';s.charset='utf-8';s.src=wp+\"\/\/jsc.mgid.com\/n\/o\/noticiastelered.com.290005.js?t=\"+D.getYear()+D.getMonth()+D.getUTCDate()+D.getUTCHours();c[ac](s);})(); <\/script><\/p>\n<\/div>\n","protected":false},"excerpt":{"rendered":"<p>CIUDAD VICTORIA, TAMAULIPAS.- La Coordinaci\u00f3n Estatal de Protecci\u00f3n Civil de Tamaulipas ha emitido una advertencia sobre la llegada de una masa de aire \u00e1rtico que podr\u00eda provocar un descenso significativo en las temperaturas con valores menores a 0 grados en [&hellip;]<\/p>\n","protected":false},"author":7,"featured_media":111016,"comment_status":"open","ping_status":"open","sticky":false,"template":"","format":"standard","meta":[],"categories":[59],"tags":[],"_links":{"self":[{"href":"http:\/\/noticiastelered.com\/PortalDNoticias\/wp-json\/wp\/v2\/posts\/111013"}],"collection":[{"href":"http:\/\/noticiastelered.com\/PortalDNoticias\/wp-json\/wp\/v2\/posts"}],"about":[{"href":"http:\/\/noticiastelered.com\/PortalDNoticias\/wp-json\/wp\/v2\/types\/post"}],"author":[{"embeddable":true,"href":"http:\/\/noticiastelered.com\/PortalDNoticias\/wp-json\/wp\/v2\/users\/7"}],"replies":[{"embeddable":true,"href":"http:\/\/noticiastelered.com\/PortalDNoticias\/wp-json\/wp\/v2\/comments?post=111013"}],"version-history":[{"count":1,"href":"http:\/\/noticiastelered.com\/PortalDNoticias\/wp-json\/wp\/v2\/posts\/111013\/revisions"}],"predecessor-version":[{"id":111017,"href":"http:\/\/noticiastelered.com\/PortalDNoticias\/wp-json\/wp\/v2\/posts\/111013\/revisions\/111017"}],"wp:featuredmedia":[{"embeddable":true,"href":"http:\/\/noticiastelered.com\/PortalDNoticias\/wp-json\/wp\/v2\/media\/111016"}],"wp:attachment":[{"href":"http:\/\/noticiastelered.com\/PortalDNoticias\/wp-json\/wp\/v2\/media?parent=111013"}],"wp:term":[{"taxonomy":"category","embeddable":true,"href":"http:\/\/noticiastelered.com\/PortalDNoticias\/wp-json\/wp\/v2\/categories?post=111013"},{"taxonomy":"post_tag","embeddable":true,"href":"http:\/\/noticiastelered.com\/PortalDNoticias\/wp-json\/wp\/v2\/tags?post=111013"}],"curies":[{"name":"wp","href":"https:\/\/api.w.org\/{rel}","templated":true}]}}