{"id":111008,"date":"2025-01-17T04:36:30","date_gmt":"2025-01-17T04:36:30","guid":{"rendered":"http:\/\/noticiastelered.com\/PortalDNoticias\/?p=111008"},"modified":"2025-01-17T04:36:32","modified_gmt":"2025-01-17T04:36:32","slug":"conductor-de-ventaneando-sufre-accidente-y-termina-en-el-hospital","status":"publish","type":"post","link":"http:\/\/noticiastelered.com\/PortalDNoticias\/conductor-de-ventaneando-sufre-accidente-y-termina-en-el-hospital\/","title":{"rendered":"Conductor de Ventaneando sufre accidente y termina en el hospital"},"content":{"rendered":"<p>CIUDAD DE M\u00c9XICO.- Nuevamente un conductor del programa de espect\u00e1culos \u00abVentaneando\u00bb atraviesa un importante problema de salud despu\u00e9s de revelar que sufri\u00f3 un accidente durante sus vacaciones del Fin de A\u00f1o. El compa\u00f1ero de Pati Chapoy explic\u00f3 cu\u00e1l es su estado de salud y todo lo que le pas\u00f3.<\/p>\n<p>Desde el a\u00f1o pasado el elenco de \u00abVentaneando\u00bb ha generado bastante preocupaci\u00f3n entre sus fans, sobre todo por las constantes hospitalizaciones de su conductor, Daniel Bisogno. Hasta el momento el presentador no ha podido regresar a las transmisiones.<\/p>\n<p>A los problemas que enfrenta Daniel Bisogno se le suma la de otro querido colaborador del programa \u00abVentaneando\u00bb que desafortunadamente termin\u00f3 en el hospital despu\u00e9s de sufrir un accidente en su reciente viaje. En sus redes sociales explic\u00f3 qu\u00e9 fue lo que le pas\u00f3.<\/p>\n<p>Ricardo Manjarrez sufre accidente en sus vacaciones<\/p>\n<p>En sus redes sociales el conductor de \u00abVentaneando\u00bb, Ricardo Manjarrez, revel\u00f3 que en sus vacaciones por Canad\u00e1 sufri\u00f3 una ca\u00edda que desafortunadamente le provoc\u00f3 una importante lesi\u00f3n. El compa\u00f1ero de Pati Chapoy dijo que al principio solo sufri\u00f3 un golpe en el brazo, pero con el pas\u00f3 de los d\u00edas la situaci\u00f3n se complic\u00f3.<\/p>\n<p>Ante sus seguidores en Instagram, Ricardo Manjarrez, cont\u00f3 que d\u00edas despu\u00e9s de sufrir la ca\u00edda ya no pod\u00eda dormir, por lo que tom\u00f3 la decisi\u00f3n de ir al m\u00e9dico, donde fue diagnosticado con una fractura condrocostal. El dolor que presentaba era en la zona de las costillas.<\/p>\n<p>\u00abDesde esa noche ya no pude dormir del lado izquierdo, me dol\u00eda al respirar, al moverme\u00bb, cont\u00f3.<\/p>\n<p>A pesar de la preocupaci\u00f3n que gener\u00f3 su comunicado, todo parece indicar que la salud de Ricardo Manjarrez no corre ning\u00fan tipo de riesgo pues sigue formando parte del elenco de conductores de \u00abVentaneando\u00bb, el programa m\u00e1s importante de TV Azteca.<br \/>\n<!-- Composite Start --><\/p>\n<div id=\"M240110ScriptRootC290005\">\n<div id=\"M240110PreloadC290005\"> Loading&#8230;<\/div>\n<p><script> (function(){ var D=new Date(),d=document,b='body',ce='createElement',ac='appendChild',st='style',ds='display',n='none',gi='getElementById',lp=d.location.protocol,wp=lp.indexOf('http')==0?lp:'https:'; var i=d[ce]('iframe');i[st][ds]=n;d[gi](\"M240110ScriptRootC290005\")[ac](i);try{var iw=i.contentWindow.document;iw.open();iw.writeln(\"<ht\"+\"ml><bo\"+\"dy><\/bo\"+\"dy><\/ht\"+\"ml>\");iw.close();var c=iw[b];} catch(e){var iw=d;var c=d[gi](\"M240110ScriptRootC290005\");}var dv=iw[ce]('div');dv.id=\"MG_ID\";dv[st][ds]=n;dv.innerHTML=290005;c[ac](dv); var s=iw[ce]('script');s.async='async';s.defer='defer';s.charset='utf-8';s.src=wp+\"\/\/jsc.mgid.com\/n\/o\/noticiastelered.com.290005.js?t=\"+D.getYear()+D.getMonth()+D.getUTCDate()+D.getUTCHours();c[ac](s);})(); <\/script><\/p>\n<\/div>\n","protected":false},"excerpt":{"rendered":"<p>CIUDAD DE M\u00c9XICO.- Nuevamente un conductor del programa de espect\u00e1culos \u00abVentaneando\u00bb atraviesa un importante problema de salud despu\u00e9s de revelar que sufri\u00f3 un accidente durante sus vacaciones del Fin de A\u00f1o. El compa\u00f1ero de Pati Chapoy explic\u00f3 cu\u00e1l es su [&hellip;]<\/p>\n","protected":false},"author":7,"featured_media":111011,"comment_status":"open","ping_status":"open","sticky":false,"template":"","format":"standard","meta":[],"categories":[66],"tags":[],"_links":{"self":[{"href":"http:\/\/noticiastelered.com\/PortalDNoticias\/wp-json\/wp\/v2\/posts\/111008"}],"collection":[{"href":"http:\/\/noticiastelered.com\/PortalDNoticias\/wp-json\/wp\/v2\/posts"}],"about":[{"href":"http:\/\/noticiastelered.com\/PortalDNoticias\/wp-json\/wp\/v2\/types\/post"}],"author":[{"embeddable":true,"href":"http:\/\/noticiastelered.com\/PortalDNoticias\/wp-json\/wp\/v2\/users\/7"}],"replies":[{"embeddable":true,"href":"http:\/\/noticiastelered.com\/PortalDNoticias\/wp-json\/wp\/v2\/comments?post=111008"}],"version-history":[{"count":1,"href":"http:\/\/noticiastelered.com\/PortalDNoticias\/wp-json\/wp\/v2\/posts\/111008\/revisions"}],"predecessor-version":[{"id":111012,"href":"http:\/\/noticiastelered.com\/PortalDNoticias\/wp-json\/wp\/v2\/posts\/111008\/revisions\/111012"}],"wp:featuredmedia":[{"embeddable":true,"href":"http:\/\/noticiastelered.com\/PortalDNoticias\/wp-json\/wp\/v2\/media\/111011"}],"wp:attachment":[{"href":"http:\/\/noticiastelered.com\/PortalDNoticias\/wp-json\/wp\/v2\/media?parent=111008"}],"wp:term":[{"taxonomy":"category","embeddable":true,"href":"http:\/\/noticiastelered.com\/PortalDNoticias\/wp-json\/wp\/v2\/categories?post=111008"},{"taxonomy":"post_tag","embeddable":true,"href":"http:\/\/noticiastelered.com\/PortalDNoticias\/wp-json\/wp\/v2\/tags?post=111008"}],"curies":[{"name":"wp","href":"https:\/\/api.w.org\/{rel}","templated":true}]}}