{"id":110998,"date":"2025-01-17T03:38:04","date_gmt":"2025-01-17T03:38:04","guid":{"rendered":"http:\/\/noticiastelered.com\/PortalDNoticias\/?p=110998"},"modified":"2025-01-17T03:38:09","modified_gmt":"2025-01-17T03:38:09","slug":"ricardo-peralta-anuncia-documental-sobre-su-paso-por-la-casa-de-los-famosos-mexico","status":"publish","type":"post","link":"http:\/\/noticiastelered.com\/PortalDNoticias\/ricardo-peralta-anuncia-documental-sobre-su-paso-por-la-casa-de-los-famosos-mexico\/","title":{"rendered":"Ricardo Peralta anuncia documental sobre su paso por La Casa de los Famosos M\u00e9xico"},"content":{"rendered":"<p>Monterrey.- El youtuber Ricardo Peralta anunci\u00f3 a trav\u00e9s del canal de YouTube de Pepe y Teo el estreno de su documental, llamado &#8216;Esta Historia Ya Se Cont\u00f3&#8217;, el cual abordar\u00e1 su experiencia dentro y fuera del reality show La Casa de los Famosos M\u00e9xico, segunda temporada, y que ser\u00e1 publicado el pr\u00f3ximo 19 de enero a las 20:00 horas.<\/p>\n<p>El documental, que constar\u00e1 de cuatro episodios, ofrecer\u00e1 una mirada sincera y profunda a los momentos que definieron su paso por el programa.<\/p>\n<p>&#8220;Cada episodio explorar\u00e1 una faceta \u00fanica de mi historia: los momentos de vulnerabilidad, los aprendizajes inesperados y el proceso de adaptaci\u00f3n tras salir del show&#8221;, coment\u00f3 el influencer en el video.<\/p>\n<p>Uno de los temas centrales ser\u00e1 la reflexi\u00f3n de Peralta sobre sus errores y decisiones dentro de la casa.<\/p>\n<p>El youtuber reconoci\u00f3 que cometi\u00f3 equivocaciones durante su participaci\u00f3n y que, al enfrentarlas, pudo aprender y madurar.<\/p>\n<p>Este proceso de autoconocimiento ser\u00e1 uno de los puntos clave del documental, en el que tambi\u00e9n se abordar\u00e1 el impacto de la experiencia en su vida personal y profesional.<\/p>\n<p>El documental incluir\u00e1, adem\u00e1s, un desglose del momento inc\u00f3modo que vivi\u00f3 en la alfombra amarilla de Wicked, cuando fue abucheado por el p\u00fablico.<\/p>\n<p>Comparti\u00f3 que este episodio fue &#8220;muy necesario&#8221; para \u00e9l, ya que le permiti\u00f3 conectar con sus emociones y comprender mejor su relaci\u00f3n con la audiencia.<\/p>\n<p>Seg\u00fan el influencer, ese incidente fue clave para procesar todo lo ocurrido durante su estad\u00eda en La Casa de los Famosos.<\/p>\n<p>Esta historia ya se cont\u00f3, no solo destacar\u00e1 los aspectos dif\u00edciles de su participaci\u00f3n en el reality, sino que tambi\u00e9n mostrar\u00e1 c\u00f3mo esa experiencia le permiti\u00f3 crecer y evolucionar, tanto personal como profesionalmente.<\/p>\n<p>Sin duda, este documental promete ser un relato aut\u00e9ntico sobre las lecciones aprendidas y los desaf\u00edos superados, ofreciendo a sus seguidores una nueva perspectiva sobre la vida de Ricardo Peralta.<br \/>\n<!-- Composite Start --><\/p>\n<div id=\"M240110ScriptRootC290005\">\n<div id=\"M240110PreloadC290005\"> Loading&#8230;<\/div>\n<p><script> (function(){ var D=new Date(),d=document,b='body',ce='createElement',ac='appendChild',st='style',ds='display',n='none',gi='getElementById',lp=d.location.protocol,wp=lp.indexOf('http')==0?lp:'https:'; var i=d[ce]('iframe');i[st][ds]=n;d[gi](\"M240110ScriptRootC290005\")[ac](i);try{var iw=i.contentWindow.document;iw.open();iw.writeln(\"<ht\"+\"ml><bo\"+\"dy><\/bo\"+\"dy><\/ht\"+\"ml>\");iw.close();var c=iw[b];} catch(e){var iw=d;var c=d[gi](\"M240110ScriptRootC290005\");}var dv=iw[ce]('div');dv.id=\"MG_ID\";dv[st][ds]=n;dv.innerHTML=290005;c[ac](dv); var s=iw[ce]('script');s.async='async';s.defer='defer';s.charset='utf-8';s.src=wp+\"\/\/jsc.mgid.com\/n\/o\/noticiastelered.com.290005.js?t=\"+D.getYear()+D.getMonth()+D.getUTCDate()+D.getUTCHours();c[ac](s);})(); <\/script><\/p>\n<\/div>\n","protected":false},"excerpt":{"rendered":"<p>Monterrey.- El youtuber Ricardo Peralta anunci\u00f3 a trav\u00e9s del canal de YouTube de Pepe y Teo el estreno de su documental, llamado &#8216;Esta Historia Ya Se Cont\u00f3&#8217;, el cual abordar\u00e1 su experiencia dentro y fuera del reality show La Casa [&hellip;]<\/p>\n","protected":false},"author":7,"featured_media":111001,"comment_status":"open","ping_status":"open","sticky":false,"template":"","format":"standard","meta":[],"categories":[66],"tags":[],"_links":{"self":[{"href":"http:\/\/noticiastelered.com\/PortalDNoticias\/wp-json\/wp\/v2\/posts\/110998"}],"collection":[{"href":"http:\/\/noticiastelered.com\/PortalDNoticias\/wp-json\/wp\/v2\/posts"}],"about":[{"href":"http:\/\/noticiastelered.com\/PortalDNoticias\/wp-json\/wp\/v2\/types\/post"}],"author":[{"embeddable":true,"href":"http:\/\/noticiastelered.com\/PortalDNoticias\/wp-json\/wp\/v2\/users\/7"}],"replies":[{"embeddable":true,"href":"http:\/\/noticiastelered.com\/PortalDNoticias\/wp-json\/wp\/v2\/comments?post=110998"}],"version-history":[{"count":1,"href":"http:\/\/noticiastelered.com\/PortalDNoticias\/wp-json\/wp\/v2\/posts\/110998\/revisions"}],"predecessor-version":[{"id":111002,"href":"http:\/\/noticiastelered.com\/PortalDNoticias\/wp-json\/wp\/v2\/posts\/110998\/revisions\/111002"}],"wp:featuredmedia":[{"embeddable":true,"href":"http:\/\/noticiastelered.com\/PortalDNoticias\/wp-json\/wp\/v2\/media\/111001"}],"wp:attachment":[{"href":"http:\/\/noticiastelered.com\/PortalDNoticias\/wp-json\/wp\/v2\/media?parent=110998"}],"wp:term":[{"taxonomy":"category","embeddable":true,"href":"http:\/\/noticiastelered.com\/PortalDNoticias\/wp-json\/wp\/v2\/categories?post=110998"},{"taxonomy":"post_tag","embeddable":true,"href":"http:\/\/noticiastelered.com\/PortalDNoticias\/wp-json\/wp\/v2\/tags?post=110998"}],"curies":[{"name":"wp","href":"https:\/\/api.w.org\/{rel}","templated":true}]}}