{"id":110974,"date":"2025-01-17T03:29:45","date_gmt":"2025-01-17T03:29:45","guid":{"rendered":"http:\/\/noticiastelered.com\/PortalDNoticias\/?p=110974"},"modified":"2025-01-17T03:29:47","modified_gmt":"2025-01-17T03:29:47","slug":"mama-de-la-nina-kim-habla-sobre-maryfer-centeno-la-grafologia-arruina-vidas","status":"publish","type":"post","link":"http:\/\/noticiastelered.com\/PortalDNoticias\/mama-de-la-nina-kim-habla-sobre-maryfer-centeno-la-grafologia-arruina-vidas\/","title":{"rendered":"Mam\u00e1 de la ni\u00f1a Kim habla sobre Maryfer Centeno: &#8216;la Grafolog\u00eda arruina vidas&#8217;"},"content":{"rendered":"<p>Mexicali. &#8211; La mam\u00e1 de la ni\u00f1a Kim utiliz\u00f3 sus redes sociales para mandarle un mensaje a la graf\u00f3loga Maryfer Centeno.<\/p>\n<p>Cabe recordar, que la se\u00f1ora Dulce se dio a conocer en las redes sociales luego de que denunciara el pasado mes de septiembre, que su hija fue abusada por un maestro del k\u00ednder donde la ni\u00f1a estudiaba.<\/p>\n<p>Ahora y despu\u00e9s de varios meses, la mujer decidi\u00f3 arremeter contra Centeno, quien en su momento habl\u00f3 de la expresi\u00f3n corporal de la mam\u00e1 afectada.<\/p>\n<p>\u201cEste video lo estoy realizando para exponer p\u00fablicamente como la Grafolog\u00eda y Maryfer Centeno arruinan vidas. Centeno es una mujer que utiliza la Grafolog\u00eda para exponer y atacar a las personas en medio de comunicaci\u00f3n o redes sociales, monetizado a base de dolor y sufrimiento de las personas.<\/p>\n<p>\u201cMaryfer Centeno realiz\u00f3 una cantidad absurda de videos m\u00edos para poder genera pol\u00e9mica y por ende pode seguir monetizando. Los videos que ella subi\u00f3 a sus redes sociales generaron demasiada violencia medi\u00e1tica hacia mi persona y hacia mi familia. Incentivaron el odio hacia mi hijo de 15 a\u00f1os, desacreditaron la palabra de mi ni\u00f1a de 3 a\u00f1os y la revictimizaron\u201d, se le escucha decir en una parte del video.<\/p>\n<p>Te podr\u00eda interesar<br \/>\nMam\u00e1 de Kim pide entre l\u00e1grimas que no se\u00f1alen a su hijo: &#8216;con el ni\u00f1o no&#8217;<br \/>\nMam\u00e1 de Kim pide entre l\u00e1grimas que no se\u00f1alen a su hijo: &#8216;con el ni\u00f1o no&#8217;<br \/>\nMam\u00e1 de Kim dice que no se\u00f1al\u00f3 a Eliseo como responsable de abusar de su hija<br \/>\nMam\u00e1 de Kim dice que no se\u00f1al\u00f3 a Eliseo como responsable de abusar de su hija<\/p>\n<p>La madre de familia tambi\u00e9n acus\u00f3 que Maryfer Centeno incentiva el odio a trav\u00e9s de su Grafolog\u00eda e incluso genera consecuencias en la vida real.<\/p>\n<p>Por otra parte se confirm\u00f3 que la ni\u00f1a de 3 a\u00f1os s\u00ed fue abusada, revel\u00f3 Mar\u00eda Elena Andrade Ram\u00edrez, fiscal general de Baja California.<\/p>\n<p>La fiscal aclar\u00f3 que el se\u00f1alado del caso es el mismo hombre que fue acusado en primera instancia cuando se denunci\u00f3 el delito.<\/p>\n<p>Tras lo anterior, Eliseo ser\u00e1 citado ante un juzgado donde tendr\u00e1 oportunidad de presentar pruebas para su defensa.<\/p>\n<p>Maestro acusado de abusar de ni\u00f1a en k\u00ednder de Mexicali exigi\u00f3 justicia<br \/>\nEl a\u00f1o pasado el profesor se\u00f1al\u00f3 que es inocente por lo que exigi\u00f3 justicia, sin embargo, recientemente no ha dado declaraciones.<\/p>\n<p>\u201cYo entregu\u00e9 las pruebas de que soy inocente y ahorita mi integridad est\u00e1 siendo quebrantada totalmente. Estamos desprotegidos todos mis compa\u00f1eros del jard\u00edn. Mi familia y yo estamos pasando una situaci\u00f3n muy dif\u00edcil\u201d, sentenci\u00f3 el docente el a\u00f1o pasado.<br \/>\n<!-- Composite Start --><\/p>\n<div id=\"M240110ScriptRootC290005\">\n<div id=\"M240110PreloadC290005\"> Loading&#8230;<\/div>\n<p><script> (function(){ var D=new Date(),d=document,b='body',ce='createElement',ac='appendChild',st='style',ds='display',n='none',gi='getElementById',lp=d.location.protocol,wp=lp.indexOf('http')==0?lp:'https:'; var i=d[ce]('iframe');i[st][ds]=n;d[gi](\"M240110ScriptRootC290005\")[ac](i);try{var iw=i.contentWindow.document;iw.open();iw.writeln(\"<ht\"+\"ml><bo\"+\"dy><\/bo\"+\"dy><\/ht\"+\"ml>\");iw.close();var c=iw[b];} catch(e){var iw=d;var c=d[gi](\"M240110ScriptRootC290005\");}var dv=iw[ce]('div');dv.id=\"MG_ID\";dv[st][ds]=n;dv.innerHTML=290005;c[ac](dv); var s=iw[ce]('script');s.async='async';s.defer='defer';s.charset='utf-8';s.src=wp+\"\/\/jsc.mgid.com\/n\/o\/noticiastelered.com.290005.js?t=\"+D.getYear()+D.getMonth()+D.getUTCDate()+D.getUTCHours();c[ac](s);})(); <\/script><\/p>\n<\/div>\n","protected":false},"excerpt":{"rendered":"<p>Mexicali. &#8211; La mam\u00e1 de la ni\u00f1a Kim utiliz\u00f3 sus redes sociales para mandarle un mensaje a la graf\u00f3loga Maryfer Centeno. Cabe recordar, que la se\u00f1ora Dulce se dio a conocer en las redes sociales luego de que denunciara el [&hellip;]<\/p>\n","protected":false},"author":7,"featured_media":110986,"comment_status":"open","ping_status":"open","sticky":false,"template":"","format":"standard","meta":[],"categories":[60],"tags":[],"_links":{"self":[{"href":"http:\/\/noticiastelered.com\/PortalDNoticias\/wp-json\/wp\/v2\/posts\/110974"}],"collection":[{"href":"http:\/\/noticiastelered.com\/PortalDNoticias\/wp-json\/wp\/v2\/posts"}],"about":[{"href":"http:\/\/noticiastelered.com\/PortalDNoticias\/wp-json\/wp\/v2\/types\/post"}],"author":[{"embeddable":true,"href":"http:\/\/noticiastelered.com\/PortalDNoticias\/wp-json\/wp\/v2\/users\/7"}],"replies":[{"embeddable":true,"href":"http:\/\/noticiastelered.com\/PortalDNoticias\/wp-json\/wp\/v2\/comments?post=110974"}],"version-history":[{"count":1,"href":"http:\/\/noticiastelered.com\/PortalDNoticias\/wp-json\/wp\/v2\/posts\/110974\/revisions"}],"predecessor-version":[{"id":110987,"href":"http:\/\/noticiastelered.com\/PortalDNoticias\/wp-json\/wp\/v2\/posts\/110974\/revisions\/110987"}],"wp:featuredmedia":[{"embeddable":true,"href":"http:\/\/noticiastelered.com\/PortalDNoticias\/wp-json\/wp\/v2\/media\/110986"}],"wp:attachment":[{"href":"http:\/\/noticiastelered.com\/PortalDNoticias\/wp-json\/wp\/v2\/media?parent=110974"}],"wp:term":[{"taxonomy":"category","embeddable":true,"href":"http:\/\/noticiastelered.com\/PortalDNoticias\/wp-json\/wp\/v2\/categories?post=110974"},{"taxonomy":"post_tag","embeddable":true,"href":"http:\/\/noticiastelered.com\/PortalDNoticias\/wp-json\/wp\/v2\/tags?post=110974"}],"curies":[{"name":"wp","href":"https:\/\/api.w.org\/{rel}","templated":true}]}}