{"id":110954,"date":"2025-01-16T03:50:25","date_gmt":"2025-01-16T03:50:25","guid":{"rendered":"http:\/\/noticiastelered.com\/PortalDNoticias\/?p=110954"},"modified":"2025-01-16T03:50:26","modified_gmt":"2025-01-16T03:50:26","slug":"conagua-confirma-posibles-nevadas-en-tamaulipas-por-la-llegada-del-frente-frio-numero-24","status":"publish","type":"post","link":"http:\/\/noticiastelered.com\/PortalDNoticias\/conagua-confirma-posibles-nevadas-en-tamaulipas-por-la-llegada-del-frente-frio-numero-24\/","title":{"rendered":"CONAGUA confirma posibles nevadas en Tamaulipas por la llegada del frente fr\u00edo n\u00famero 24"},"content":{"rendered":"<p>Ciudad Victoria, Tam. El estado de Tamaulipas podr\u00eda experimentar condiciones climatol\u00f3gicas severas debido a la llegada del frente fr\u00edo n\u00famero 24, seg\u00fan inform\u00f3 Jaime Gudi\u00f1o Z\u00e1rate, director general del Organismo de Cuenca Golfo Norte de la Comisi\u00f3n Nacional del Agua (CONAGUA).<\/p>\n<p>El pron\u00f3stico se\u00f1ala la posibilidad de nevadas en las zonas fronterizas y serran\u00edas, en particular en la regi\u00f3n de Miquihuana, acompa\u00f1adas de temperaturas que podr\u00edan descender por debajo de los cero grados.<\/p>\n<p>Clarificaci\u00f3n sobre los rumores de fr\u00edos extremos<\/p>\n<p>Gudi\u00f1o Z\u00e1rate desminti\u00f3 rumores que circularon sobre una posible \u00e9poca glacial inminente. Explic\u00f3 que las bajas temperaturas actuales son normales para la temporada de invierno y que, aunque el frente fr\u00edo n\u00famero 24 traer\u00e1 consigo una disminuci\u00f3n notable en las temperaturas, no se espera que las condiciones sean tan extremas como se ha especulado.<\/p>\n<p>Actualmente, el frente fr\u00edo n\u00famero 23 est\u00e1 estacionado en el Golfo de M\u00e9xico, afectando las costas del sur de Tamaulipas con vientos y oleaje. Gudi\u00f1o Z\u00e1rate explic\u00f3 que se esperan temperaturas m\u00ednimas de entre 9 y 12 grados cent\u00edgrados, con m\u00e1ximas de hasta 22 grados. Sin embargo, se anticipa que el frente fr\u00edo n\u00famero 24 podr\u00eda traer temperaturas m\u00ednimas de 0 a 3 grados en la zona centro del estado y hasta -3 grados en el altiplano, particularmente en Miquihuana, lo que podr\u00eda derivar en nevadas puntuales.<\/p>\n<p>Recomendaciones y medidas preventivas<\/p>\n<p>La CONAGUA y el Servicio Meteorol\u00f3gico Nacional instan a la poblaci\u00f3n a mantenerse informada a trav\u00e9s de los canales oficiales para evitar la difusi\u00f3n de informaci\u00f3n err\u00f3nea. Se recomienda seguir los boletines diarios del Servicio Meteorol\u00f3gico Nacional y consultar las p\u00e1ginas oficiales de CONAGUA para obtener informaci\u00f3n actualizada sobre las condiciones clim\u00e1ticas.<\/p>\n<p>El director general de CONAGUA tambi\u00e9n destac\u00f3 la colaboraci\u00f3n con las autoridades estatales y de protecci\u00f3n civil para garantizar la seguridad de la poblaci\u00f3n. En Ciudad Victoria y otras regiones de Tamaulipas, ya se han instalado comit\u00e9s municipales de protecci\u00f3n civil que est\u00e1n preparados para actuar ante posibles contingencias clim\u00e1ticas.<\/p>\n<p>Pron\u00f3stico para los pr\u00f3ximos d\u00edas<\/p>\n<p>Se espera que las temperaturas bajas persistan del 20 al 26 de enero, con el periodo m\u00e1s cr\u00edtico entre el 22 y el 24 de enero. Las zonas m\u00e1s afectadas incluir\u00e1n el altiplano y la frontera, donde podr\u00edan presentarse nevadas ligeras. Aunque estas condiciones son normales para la temporada, se recomienda a la poblaci\u00f3n tomar precauciones y estar atenta a los comunicados oficiales.<\/p>\n<p>Impacto del fen\u00f3meno de La Ni\u00f1a<br \/>\nGudi\u00f1o Z\u00e1rate tambi\u00e9n abord\u00f3 las especulaciones sobre el impacto del fen\u00f3meno de La Ni\u00f1a. Explic\u00f3 que, aunque se prev\u00e9 una fase neutra para el per\u00edodo actual, es posible que el fen\u00f3meno de La Ni\u00f1a tenga una duraci\u00f3n corta y no se espera que cause un enfriamiento significativo en la regi\u00f3n.<\/p>\n<p>La llegada del frente fr\u00edo n\u00famero 24 podr\u00eda traer consigo nevadas y temperaturas bajo cero en algunas regiones de Tamaulipas. Sin embargo, las autoridades aseguran que estas condiciones son normales para la temporada invernal y exhortan a la poblaci\u00f3n a mantenerse informada y tomar las precauciones necesarias para enfrentar el fr\u00edo.<br \/>\n<!-- Composite Start --><\/p>\n<div id=\"M240110ScriptRootC290005\">\n<div id=\"M240110PreloadC290005\"> Loading&#8230;<\/div>\n<p><script> (function(){ var D=new Date(),d=document,b='body',ce='createElement',ac='appendChild',st='style',ds='display',n='none',gi='getElementById',lp=d.location.protocol,wp=lp.indexOf('http')==0?lp:'https:'; var i=d[ce]('iframe');i[st][ds]=n;d[gi](\"M240110ScriptRootC290005\")[ac](i);try{var iw=i.contentWindow.document;iw.open();iw.writeln(\"<ht\"+\"ml><bo\"+\"dy><\/bo\"+\"dy><\/ht\"+\"ml>\");iw.close();var c=iw[b];} catch(e){var iw=d;var c=d[gi](\"M240110ScriptRootC290005\");}var dv=iw[ce]('div');dv.id=\"MG_ID\";dv[st][ds]=n;dv.innerHTML=290005;c[ac](dv); var s=iw[ce]('script');s.async='async';s.defer='defer';s.charset='utf-8';s.src=wp+\"\/\/jsc.mgid.com\/n\/o\/noticiastelered.com.290005.js?t=\"+D.getYear()+D.getMonth()+D.getUTCDate()+D.getUTCHours();c[ac](s);})(); <\/script><\/p>\n<\/div>\n","protected":false},"excerpt":{"rendered":"<p>Ciudad Victoria, Tam. El estado de Tamaulipas podr\u00eda experimentar condiciones climatol\u00f3gicas severas debido a la llegada del frente fr\u00edo n\u00famero 24, seg\u00fan inform\u00f3 Jaime Gudi\u00f1o Z\u00e1rate, director general del Organismo de Cuenca Golfo Norte de la Comisi\u00f3n Nacional del Agua [&hellip;]<\/p>\n","protected":false},"author":7,"featured_media":110010,"comment_status":"open","ping_status":"open","sticky":false,"template":"","format":"standard","meta":[],"categories":[59],"tags":[],"_links":{"self":[{"href":"http:\/\/noticiastelered.com\/PortalDNoticias\/wp-json\/wp\/v2\/posts\/110954"}],"collection":[{"href":"http:\/\/noticiastelered.com\/PortalDNoticias\/wp-json\/wp\/v2\/posts"}],"about":[{"href":"http:\/\/noticiastelered.com\/PortalDNoticias\/wp-json\/wp\/v2\/types\/post"}],"author":[{"embeddable":true,"href":"http:\/\/noticiastelered.com\/PortalDNoticias\/wp-json\/wp\/v2\/users\/7"}],"replies":[{"embeddable":true,"href":"http:\/\/noticiastelered.com\/PortalDNoticias\/wp-json\/wp\/v2\/comments?post=110954"}],"version-history":[{"count":1,"href":"http:\/\/noticiastelered.com\/PortalDNoticias\/wp-json\/wp\/v2\/posts\/110954\/revisions"}],"predecessor-version":[{"id":110957,"href":"http:\/\/noticiastelered.com\/PortalDNoticias\/wp-json\/wp\/v2\/posts\/110954\/revisions\/110957"}],"wp:featuredmedia":[{"embeddable":true,"href":"http:\/\/noticiastelered.com\/PortalDNoticias\/wp-json\/wp\/v2\/media\/110010"}],"wp:attachment":[{"href":"http:\/\/noticiastelered.com\/PortalDNoticias\/wp-json\/wp\/v2\/media?parent=110954"}],"wp:term":[{"taxonomy":"category","embeddable":true,"href":"http:\/\/noticiastelered.com\/PortalDNoticias\/wp-json\/wp\/v2\/categories?post=110954"},{"taxonomy":"post_tag","embeddable":true,"href":"http:\/\/noticiastelered.com\/PortalDNoticias\/wp-json\/wp\/v2\/tags?post=110954"}],"curies":[{"name":"wp","href":"https:\/\/api.w.org\/{rel}","templated":true}]}}