{"id":110945,"date":"2025-01-16T03:44:21","date_gmt":"2025-01-16T03:44:21","guid":{"rendered":"http:\/\/noticiastelered.com\/PortalDNoticias\/?p=110945"},"modified":"2025-01-16T03:44:23","modified_gmt":"2025-01-16T03:44:23","slug":"buscan-cancelar-el-estreno-de-la-pelicula-emilia-perez-en-mexico","status":"publish","type":"post","link":"http:\/\/noticiastelered.com\/PortalDNoticias\/buscan-cancelar-el-estreno-de-la-pelicula-emilia-perez-en-mexico\/","title":{"rendered":"Buscan cancelar el estreno de la pel\u00edcula &#8216;Emilia P\u00e9rez&#8217; en M\u00e9xico"},"content":{"rendered":"<p>Ciudad de M\u00e9xico. &#8211;  Un grupo de personas lanz\u00f3 una petici\u00f3n para que la pel\u00edcula Emilia P\u00e9rez no se estrene en m\u00e1s cines, incluidos los de M\u00e9xico.<\/p>\n<p>En la p\u00e1gina Change.org se argumenta que la cinta donde aparece la cantante Selena Gomez,<\/p>\n<p>aborda el tema del narcotr\u00e1fico y es una falta de respeto para los activistas y familiares de desaparecidos.<\/p>\n<p>\u201cLa pel\u00edcula trivializa el problema de los desaparecidos en M\u00e9xico, actores cantan y bailan con respecto a la violencia y corrupci\u00f3n que se vive en nuestro pa\u00eds, sobre la manera despiadada de actuar de los narcotraficantes, hasta de la forma en que se deshacen de los cuerpos de sus v\u00edctimes.<\/p>\n<p>\u201cEs una falta de respeto para todos los activistas, madres buscadoras y miles de familiares de desaparecidos en M\u00e9xico que rebasa las 120 mil personas.  El filme lucra con lo f\u00e1cil que ser\u00eda encontrar a los desaparecidos si solo se apela a la consciencia de los criminales y lo f\u00e1cil que es que la sociedad (ni\u00f1os incluidos) se unan a la b\u00fasqueda de las personas desaparecidas, ignorando por completo los peligros, amenazas y falta de informaci\u00f3n y de apoyo del gobierno, a la que se enfrentan los familiares de personas desaparecidas y los activistas que apoyan\u201d, se lee en una parte de la petici\u00f3n.<\/p>\n<p>La pel\u00edcula en la que aparece Selena Gomez se estrenar\u00e1 en los cines de M\u00e9xico el pr\u00f3ximo 23 de enero.<br \/>\n<!-- Composite Start --><\/p>\n<div id=\"M240110ScriptRootC290005\">\n<div id=\"M240110PreloadC290005\"> Loading&#8230;<\/div>\n<p><script> (function(){ var D=new Date(),d=document,b='body',ce='createElement',ac='appendChild',st='style',ds='display',n='none',gi='getElementById',lp=d.location.protocol,wp=lp.indexOf('http')==0?lp:'https:'; var i=d[ce]('iframe');i[st][ds]=n;d[gi](\"M240110ScriptRootC290005\")[ac](i);try{var iw=i.contentWindow.document;iw.open();iw.writeln(\"<ht\"+\"ml><bo\"+\"dy><\/bo\"+\"dy><\/ht\"+\"ml>\");iw.close();var c=iw[b];} catch(e){var iw=d;var c=d[gi](\"M240110ScriptRootC290005\");}var dv=iw[ce]('div');dv.id=\"MG_ID\";dv[st][ds]=n;dv.innerHTML=290005;c[ac](dv); var s=iw[ce]('script');s.async='async';s.defer='defer';s.charset='utf-8';s.src=wp+\"\/\/jsc.mgid.com\/n\/o\/noticiastelered.com.290005.js?t=\"+D.getYear()+D.getMonth()+D.getUTCDate()+D.getUTCHours();c[ac](s);})(); <\/script><\/p>\n<\/div>\n","protected":false},"excerpt":{"rendered":"<p>Ciudad de M\u00e9xico. &#8211; Un grupo de personas lanz\u00f3 una petici\u00f3n para que la pel\u00edcula Emilia P\u00e9rez no se estrene en m\u00e1s cines, incluidos los de M\u00e9xico. En la p\u00e1gina Change.org se argumenta que la cinta donde aparece la cantante [&hellip;]<\/p>\n","protected":false},"author":7,"featured_media":110948,"comment_status":"open","ping_status":"open","sticky":false,"template":"","format":"standard","meta":[],"categories":[3],"tags":[],"_links":{"self":[{"href":"http:\/\/noticiastelered.com\/PortalDNoticias\/wp-json\/wp\/v2\/posts\/110945"}],"collection":[{"href":"http:\/\/noticiastelered.com\/PortalDNoticias\/wp-json\/wp\/v2\/posts"}],"about":[{"href":"http:\/\/noticiastelered.com\/PortalDNoticias\/wp-json\/wp\/v2\/types\/post"}],"author":[{"embeddable":true,"href":"http:\/\/noticiastelered.com\/PortalDNoticias\/wp-json\/wp\/v2\/users\/7"}],"replies":[{"embeddable":true,"href":"http:\/\/noticiastelered.com\/PortalDNoticias\/wp-json\/wp\/v2\/comments?post=110945"}],"version-history":[{"count":1,"href":"http:\/\/noticiastelered.com\/PortalDNoticias\/wp-json\/wp\/v2\/posts\/110945\/revisions"}],"predecessor-version":[{"id":110949,"href":"http:\/\/noticiastelered.com\/PortalDNoticias\/wp-json\/wp\/v2\/posts\/110945\/revisions\/110949"}],"wp:featuredmedia":[{"embeddable":true,"href":"http:\/\/noticiastelered.com\/PortalDNoticias\/wp-json\/wp\/v2\/media\/110948"}],"wp:attachment":[{"href":"http:\/\/noticiastelered.com\/PortalDNoticias\/wp-json\/wp\/v2\/media?parent=110945"}],"wp:term":[{"taxonomy":"category","embeddable":true,"href":"http:\/\/noticiastelered.com\/PortalDNoticias\/wp-json\/wp\/v2\/categories?post=110945"},{"taxonomy":"post_tag","embeddable":true,"href":"http:\/\/noticiastelered.com\/PortalDNoticias\/wp-json\/wp\/v2\/tags?post=110945"}],"curies":[{"name":"wp","href":"https:\/\/api.w.org\/{rel}","templated":true}]}}