{"id":110940,"date":"2025-01-16T03:42:26","date_gmt":"2025-01-16T03:42:26","guid":{"rendered":"http:\/\/noticiastelered.com\/PortalDNoticias\/?p=110940"},"modified":"2025-01-16T03:42:27","modified_gmt":"2025-01-16T03:42:27","slug":"adrian-marcelo-desmiente-participacion-en-la-casa-de-los-famosos-all-stars","status":"publish","type":"post","link":"http:\/\/noticiastelered.com\/PortalDNoticias\/adrian-marcelo-desmiente-participacion-en-la-casa-de-los-famosos-all-stars\/","title":{"rendered":"Adri\u00e1n Marcelo desmiente participaci\u00f3n en La Casa de los Famosos All-Stars"},"content":{"rendered":"<p>Ciudad de M\u00e9xico.- El pol\u00e9mico influencer Adri\u00e1n Marcelo, desminti\u00f3 su participaci\u00f3n en la nueva temporada de &#8216;La Casa de los Famosos de All-Stars&#8217; de Telemundo.<\/p>\n<p>El rumor inici\u00f3 en redes sociales y despu\u00e9s cobr\u00f3 fuerza, luego de que el regiomontano dijera que s\u00ed iba a formar parte y hasta cu\u00e1nto iba a ganar en esta edici\u00f3n de Estados Unidos.<\/p>\n<p>&#8220;S\u00ed, 500 mil d\u00f3lares por semana. Ah\u00ed los espero. Ojal\u00e1 all\u00e1 sin patrocinadores, en Estados Unidos donde la libertad de expresi\u00f3n o libertades son lo m\u00e1s importante&#8230; no repite nadie, pero hay otra posibilidad que todav\u00eda no est\u00e1 cerrada&#8221;, mencion\u00f3 hace unos d\u00edas.<\/p>\n<p>Pese a que su participaci\u00f3n en el reality de M\u00e9xico fue muy pol\u00e9mica y enfrent\u00f3 cientos de cr\u00edticas, Adri\u00e1n Marcelo comenz\u00f3 a recibir fuerte apoyo en redes sociales por parte de sus seguidores, quienes esperaban que Adri\u00e1n Marcelo entrara a dar revancha.<\/p>\n<p>Adri\u00e1n Marcelo revela que no entrar\u00e1 al reality<br \/>\nFue durante su m\u00e1s reciente cap\u00edtulo de su podcast &#8216;Conversaciones&#8217;,  que el extitular de SNSerio  dio a conocer que no formara parte de La Casa de los Famosos All-Stars.<\/p>\n<p>&#8220;No te preocupes, no se crean, puro pe** esa mama**&#8221;, coment\u00f3 el youtuber sobre la posibilidad de regresar al mencionado reality show.<br \/>\n<!-- Composite Start --><\/p>\n<div id=\"M240110ScriptRootC290005\">\n<div id=\"M240110PreloadC290005\"> Loading&#8230;<\/div>\n<p><script> (function(){ var D=new Date(),d=document,b='body',ce='createElement',ac='appendChild',st='style',ds='display',n='none',gi='getElementById',lp=d.location.protocol,wp=lp.indexOf('http')==0?lp:'https:'; var i=d[ce]('iframe');i[st][ds]=n;d[gi](\"M240110ScriptRootC290005\")[ac](i);try{var iw=i.contentWindow.document;iw.open();iw.writeln(\"<ht\"+\"ml><bo\"+\"dy><\/bo\"+\"dy><\/ht\"+\"ml>\");iw.close();var c=iw[b];} catch(e){var iw=d;var c=d[gi](\"M240110ScriptRootC290005\");}var dv=iw[ce]('div');dv.id=\"MG_ID\";dv[st][ds]=n;dv.innerHTML=290005;c[ac](dv); var s=iw[ce]('script');s.async='async';s.defer='defer';s.charset='utf-8';s.src=wp+\"\/\/jsc.mgid.com\/n\/o\/noticiastelered.com.290005.js?t=\"+D.getYear()+D.getMonth()+D.getUTCDate()+D.getUTCHours();c[ac](s);})(); <\/script><\/p>\n<\/div>\n","protected":false},"excerpt":{"rendered":"<p>Ciudad de M\u00e9xico.- El pol\u00e9mico influencer Adri\u00e1n Marcelo, desminti\u00f3 su participaci\u00f3n en la nueva temporada de &#8216;La Casa de los Famosos de All-Stars&#8217; de Telemundo. El rumor inici\u00f3 en redes sociales y despu\u00e9s cobr\u00f3 fuerza, luego de que el regiomontano [&hellip;]<\/p>\n","protected":false},"author":7,"featured_media":110943,"comment_status":"open","ping_status":"open","sticky":false,"template":"","format":"standard","meta":[],"categories":[66],"tags":[],"_links":{"self":[{"href":"http:\/\/noticiastelered.com\/PortalDNoticias\/wp-json\/wp\/v2\/posts\/110940"}],"collection":[{"href":"http:\/\/noticiastelered.com\/PortalDNoticias\/wp-json\/wp\/v2\/posts"}],"about":[{"href":"http:\/\/noticiastelered.com\/PortalDNoticias\/wp-json\/wp\/v2\/types\/post"}],"author":[{"embeddable":true,"href":"http:\/\/noticiastelered.com\/PortalDNoticias\/wp-json\/wp\/v2\/users\/7"}],"replies":[{"embeddable":true,"href":"http:\/\/noticiastelered.com\/PortalDNoticias\/wp-json\/wp\/v2\/comments?post=110940"}],"version-history":[{"count":1,"href":"http:\/\/noticiastelered.com\/PortalDNoticias\/wp-json\/wp\/v2\/posts\/110940\/revisions"}],"predecessor-version":[{"id":110944,"href":"http:\/\/noticiastelered.com\/PortalDNoticias\/wp-json\/wp\/v2\/posts\/110940\/revisions\/110944"}],"wp:featuredmedia":[{"embeddable":true,"href":"http:\/\/noticiastelered.com\/PortalDNoticias\/wp-json\/wp\/v2\/media\/110943"}],"wp:attachment":[{"href":"http:\/\/noticiastelered.com\/PortalDNoticias\/wp-json\/wp\/v2\/media?parent=110940"}],"wp:term":[{"taxonomy":"category","embeddable":true,"href":"http:\/\/noticiastelered.com\/PortalDNoticias\/wp-json\/wp\/v2\/categories?post=110940"},{"taxonomy":"post_tag","embeddable":true,"href":"http:\/\/noticiastelered.com\/PortalDNoticias\/wp-json\/wp\/v2\/tags?post=110940"}],"curies":[{"name":"wp","href":"https:\/\/api.w.org\/{rel}","templated":true}]}}