{"id":110930,"date":"2025-01-16T03:38:02","date_gmt":"2025-01-16T03:38:02","guid":{"rendered":"http:\/\/noticiastelered.com\/PortalDNoticias\/?p=110930"},"modified":"2025-01-16T03:38:05","modified_gmt":"2025-01-16T03:38:05","slug":"dinamarca-le-deja-en-claro-a-trump-que-groenlandia-no-esta-en-venta","status":"publish","type":"post","link":"http:\/\/noticiastelered.com\/PortalDNoticias\/dinamarca-le-deja-en-claro-a-trump-que-groenlandia-no-esta-en-venta\/","title":{"rendered":"Dinamarca le deja en claro a Trump que Groenlandia no est\u00e1 en venta"},"content":{"rendered":"<p>Copenhague.- La primera ministra danesa, Mette Frederiksen, reiter\u00f3 este mi\u00e9rcoles al presidente electo de EE.UU, Donald Trump, que Groenlandia no est\u00e1 en venta, en la primera conversaci\u00f3n telef\u00f3nica entre ambos tras la propuesta de \u00e9ste de adquirir esa isla que se halla bajo soberan\u00eda de Dinamarca.<\/p>\n<p>&#8220;La primera ministra se ha remitido en la conversaci\u00f3n a las declaraciones del presidente auton\u00f3mico M\u00fate B. Egede de que Groenlandia no est\u00e1 en venta y ha afirmado que es la propia Groenlandia la que decide sobre su independencia&#8221;, se indica en un comunicado enviado por la oficina de la jefa de Gobierno danesa.<\/p>\n<p>Frederiksen resalt\u00f3 a Trump la importancia de reforzar la seguridad en el \u00c1rtico y que el Reino de Dinamarca est\u00e1 preparado para asumir una responsabilidad a\u00fan mayor.<\/p>\n<p>En la conversaci\u00f3n, que dur\u00f3 45 minutos, destac\u00f3 tambi\u00e9n que las empresas danesas contribuyen al crecimiento y a crear puestos de trabajo en Estados Unidos y que estos y la Uni\u00f3n Europea (UE) tienen un inter\u00e9s com\u00fan en impulsar el comercio. Frederiksen y Trump han acordado continuar el di\u00e1logo, seg\u00fan la nota.<\/p>\n<p>Uso de la fuerza o sanciones econ\u00f3micas<br \/>\nTrump dijo la semana pasada que no descartaba el uso de la fuerza o de sanciones econ\u00f3micas para hacerse con Groenlandia, unas declaraciones matizadas posteriormente por su futuro vicepresidente, J.D. Vance.<\/p>\n<p>&#8220;Tenemos que negociar con Estados Unidos. Hemos iniciado un di\u00e1logo y empezado a explorar las posibilidades para cooperar con Trump&#8221;, dijo Egede hace dos d\u00edas en rueda de prensa.<\/p>\n<p>Egede mencion\u00f3 el sector minero como un \u00e1rea evidente de cooperaci\u00f3n, considerando el rico subsuelo de la isla, y sobre una mayor colaboraci\u00f3n en defensa se limit\u00f3 a decir que hab\u00eda un di\u00e1logo en marcha sin entrar en detalles.<\/p>\n<p>Estados Unidos posee una base en el norte de la isla, en virtud de un amplio acuerdo de defensa con Dinamarca firmado hace siete d\u00e9cadas y que incluye la posibilidad de aumentar la presencia militar estadounidense.<\/p>\n<p>Esta isla \u00e1rtica, la mayor del mundo, de dos millones de kil\u00f3metros cuadrados (el 80 % cubierto por el hielo) y apenas 56.000 habitantes goza desde 2009 de un nuevo estatuto que reconoce su derecho de autodeterminaci\u00f3n.<\/p>\n<p>La mayor\u00eda de partidos y de la poblaci\u00f3n defienden la separaci\u00f3n de Dinamarca, pero la mitad del presupuesto de la isla depende de la ayuda anual de Copenhague y los intentos por aumentar los ingresos con su riqueza mineral y petrolera han fracasado de momento por las dificultades y el elevado coste de extracci\u00f3n.<br \/>\n<!-- Composite Start --><\/p>\n<div id=\"M240110ScriptRootC290005\">\n<div id=\"M240110PreloadC290005\"> Loading&#8230;<\/div>\n<p><script> (function(){ var D=new Date(),d=document,b='body',ce='createElement',ac='appendChild',st='style',ds='display',n='none',gi='getElementById',lp=d.location.protocol,wp=lp.indexOf('http')==0?lp:'https:'; var i=d[ce]('iframe');i[st][ds]=n;d[gi](\"M240110ScriptRootC290005\")[ac](i);try{var iw=i.contentWindow.document;iw.open();iw.writeln(\"<ht\"+\"ml><bo\"+\"dy><\/bo\"+\"dy><\/ht\"+\"ml>\");iw.close();var c=iw[b];} catch(e){var iw=d;var c=d[gi](\"M240110ScriptRootC290005\");}var dv=iw[ce]('div');dv.id=\"MG_ID\";dv[st][ds]=n;dv.innerHTML=290005;c[ac](dv); var s=iw[ce]('script');s.async='async';s.defer='defer';s.charset='utf-8';s.src=wp+\"\/\/jsc.mgid.com\/n\/o\/noticiastelered.com.290005.js?t=\"+D.getYear()+D.getMonth()+D.getUTCDate()+D.getUTCHours();c[ac](s);})(); <\/script><\/p>\n<\/div>\n","protected":false},"excerpt":{"rendered":"<p>Copenhague.- La primera ministra danesa, Mette Frederiksen, reiter\u00f3 este mi\u00e9rcoles al presidente electo de EE.UU, Donald Trump, que Groenlandia no est\u00e1 en venta, en la primera conversaci\u00f3n telef\u00f3nica entre ambos tras la propuesta de \u00e9ste de adquirir esa isla que [&hellip;]<\/p>\n","protected":false},"author":7,"featured_media":110933,"comment_status":"open","ping_status":"open","sticky":false,"template":"","format":"standard","meta":[],"categories":[61],"tags":[],"_links":{"self":[{"href":"http:\/\/noticiastelered.com\/PortalDNoticias\/wp-json\/wp\/v2\/posts\/110930"}],"collection":[{"href":"http:\/\/noticiastelered.com\/PortalDNoticias\/wp-json\/wp\/v2\/posts"}],"about":[{"href":"http:\/\/noticiastelered.com\/PortalDNoticias\/wp-json\/wp\/v2\/types\/post"}],"author":[{"embeddable":true,"href":"http:\/\/noticiastelered.com\/PortalDNoticias\/wp-json\/wp\/v2\/users\/7"}],"replies":[{"embeddable":true,"href":"http:\/\/noticiastelered.com\/PortalDNoticias\/wp-json\/wp\/v2\/comments?post=110930"}],"version-history":[{"count":1,"href":"http:\/\/noticiastelered.com\/PortalDNoticias\/wp-json\/wp\/v2\/posts\/110930\/revisions"}],"predecessor-version":[{"id":110934,"href":"http:\/\/noticiastelered.com\/PortalDNoticias\/wp-json\/wp\/v2\/posts\/110930\/revisions\/110934"}],"wp:featuredmedia":[{"embeddable":true,"href":"http:\/\/noticiastelered.com\/PortalDNoticias\/wp-json\/wp\/v2\/media\/110933"}],"wp:attachment":[{"href":"http:\/\/noticiastelered.com\/PortalDNoticias\/wp-json\/wp\/v2\/media?parent=110930"}],"wp:term":[{"taxonomy":"category","embeddable":true,"href":"http:\/\/noticiastelered.com\/PortalDNoticias\/wp-json\/wp\/v2\/categories?post=110930"},{"taxonomy":"post_tag","embeddable":true,"href":"http:\/\/noticiastelered.com\/PortalDNoticias\/wp-json\/wp\/v2\/tags?post=110930"}],"curies":[{"name":"wp","href":"https:\/\/api.w.org\/{rel}","templated":true}]}}