{"id":110905,"date":"2025-01-16T03:24:38","date_gmt":"2025-01-16T03:24:38","guid":{"rendered":"http:\/\/noticiastelered.com\/PortalDNoticias\/?p=110905"},"modified":"2025-01-16T03:24:44","modified_gmt":"2025-01-16T03:24:44","slug":"carlos-slim-es-invitado-a-la-toma-de-protesta-de-donald-trump","status":"publish","type":"post","link":"http:\/\/noticiastelered.com\/PortalDNoticias\/carlos-slim-es-invitado-a-la-toma-de-protesta-de-donald-trump\/","title":{"rendered":"Carlos Slim es invitado a la toma de protesta de Donald Trump"},"content":{"rendered":"<p>Ciudad de M\u00e9xico.-Los empresarios mexicanos Carlos Slim y Francisco Cervantes forman parte de lista de invitados a la toma de protesta de Donald Trump como presidente de Estados Unidos el pr\u00f3ximo 20 de enero en Washington, D.C.<\/p>\n<p>Fue el empresario Francisco Cervantes, empresario y l\u00edder del Consejo Coordinador Empresarial (CCE) el encargado de difundir esta noticia al tiempo de que dijo que iniciativa privada y federaci\u00f3n ya trabaja en un plan para negociar aranceles y el tema migratorio.<\/p>\n<p>&#8220;Vamos a estar all\u00e1 (toma de protesta de Donald Trump), adem\u00e1s con los altos funcionarios de Estados Unidos, para empezar a tener pl\u00e1ticas (sobre aranceles)&#8221;, dijo Francisco Cervantes.<\/p>\n<p>El empresario fue cuestionado sobre su si la iniciativa privada sent\u00eda miedo ante la nueva gesti\u00f3n de Donald Trump, a lo que \u00e9l se limit\u00f3 a responder \u201cNo, no, vamos a trabajar, vamos a estar all\u00e1 en Washington\u201d.<\/p>\n<p>Otro de los datos que Francisco Cervantes revel\u00f3 fue relacionado al encuentro que sostuvo con la presidenta Claudia Sheinbaum y empresarios canadienses, en la cual se toc\u00f3 el tema de la negociaci\u00f3n de aranceles y de la oferta de oportunidades para persona repatriadas y migrantes.<\/p>\n<p>\u201cEstamos trabajando juntos para un plan para el tema de aranceles con Estados Unidos, ayer instalamos en el CCE (Consejo Coordinador Empresarial) una mesa de trabajo de oportunidades para los repatriados y para los migrantes; tenemos grupos de trabajo para el Senado; nos estamos preparando para negociar\u201d, explic\u00f3 Francisco Cervantes.<br \/>\n<!-- Composite Start --><\/p>\n<div id=\"M240110ScriptRootC290005\">\n<div id=\"M240110PreloadC290005\"> Loading&#8230;<\/div>\n<p><script> (function(){ var D=new Date(),d=document,b='body',ce='createElement',ac='appendChild',st='style',ds='display',n='none',gi='getElementById',lp=d.location.protocol,wp=lp.indexOf('http')==0?lp:'https:'; var i=d[ce]('iframe');i[st][ds]=n;d[gi](\"M240110ScriptRootC290005\")[ac](i);try{var iw=i.contentWindow.document;iw.open();iw.writeln(\"<ht\"+\"ml><bo\"+\"dy><\/bo\"+\"dy><\/ht\"+\"ml>\");iw.close();var c=iw[b];} catch(e){var iw=d;var c=d[gi](\"M240110ScriptRootC290005\");}var dv=iw[ce]('div');dv.id=\"MG_ID\";dv[st][ds]=n;dv.innerHTML=290005;c[ac](dv); var s=iw[ce]('script');s.async='async';s.defer='defer';s.charset='utf-8';s.src=wp+\"\/\/jsc.mgid.com\/n\/o\/noticiastelered.com.290005.js?t=\"+D.getYear()+D.getMonth()+D.getUTCDate()+D.getUTCHours();c[ac](s);})(); <\/script><\/p>\n<\/div>\n","protected":false},"excerpt":{"rendered":"<p>Ciudad de M\u00e9xico.-Los empresarios mexicanos Carlos Slim y Francisco Cervantes forman parte de lista de invitados a la toma de protesta de Donald Trump como presidente de Estados Unidos el pr\u00f3ximo 20 de enero en Washington, D.C. Fue el empresario [&hellip;]<\/p>\n","protected":false},"author":7,"featured_media":110908,"comment_status":"open","ping_status":"open","sticky":false,"template":"","format":"standard","meta":[],"categories":[60],"tags":[],"_links":{"self":[{"href":"http:\/\/noticiastelered.com\/PortalDNoticias\/wp-json\/wp\/v2\/posts\/110905"}],"collection":[{"href":"http:\/\/noticiastelered.com\/PortalDNoticias\/wp-json\/wp\/v2\/posts"}],"about":[{"href":"http:\/\/noticiastelered.com\/PortalDNoticias\/wp-json\/wp\/v2\/types\/post"}],"author":[{"embeddable":true,"href":"http:\/\/noticiastelered.com\/PortalDNoticias\/wp-json\/wp\/v2\/users\/7"}],"replies":[{"embeddable":true,"href":"http:\/\/noticiastelered.com\/PortalDNoticias\/wp-json\/wp\/v2\/comments?post=110905"}],"version-history":[{"count":1,"href":"http:\/\/noticiastelered.com\/PortalDNoticias\/wp-json\/wp\/v2\/posts\/110905\/revisions"}],"predecessor-version":[{"id":110909,"href":"http:\/\/noticiastelered.com\/PortalDNoticias\/wp-json\/wp\/v2\/posts\/110905\/revisions\/110909"}],"wp:featuredmedia":[{"embeddable":true,"href":"http:\/\/noticiastelered.com\/PortalDNoticias\/wp-json\/wp\/v2\/media\/110908"}],"wp:attachment":[{"href":"http:\/\/noticiastelered.com\/PortalDNoticias\/wp-json\/wp\/v2\/media?parent=110905"}],"wp:term":[{"taxonomy":"category","embeddable":true,"href":"http:\/\/noticiastelered.com\/PortalDNoticias\/wp-json\/wp\/v2\/categories?post=110905"},{"taxonomy":"post_tag","embeddable":true,"href":"http:\/\/noticiastelered.com\/PortalDNoticias\/wp-json\/wp\/v2\/tags?post=110905"}],"curies":[{"name":"wp","href":"https:\/\/api.w.org\/{rel}","templated":true}]}}