{"id":110874,"date":"2025-01-15T04:13:41","date_gmt":"2025-01-15T04:13:41","guid":{"rendered":"http:\/\/noticiastelered.com\/PortalDNoticias\/?p=110874"},"modified":"2025-01-15T04:13:43","modified_gmt":"2025-01-15T04:13:43","slug":"en-suspenso-intensidades-del-frente-frio-que-impactara-tamaulipas","status":"publish","type":"post","link":"http:\/\/noticiastelered.com\/PortalDNoticias\/en-suspenso-intensidades-del-frente-frio-que-impactara-tamaulipas\/","title":{"rendered":"En suspenso intensidades del frente fr\u00edo que impactar\u00e1 Tamaulipas"},"content":{"rendered":"<p>CIUDAD VICTORIA, TAMAULIPAS.- En recientes d\u00edas, autoridades y agencias meteorol\u00f3gicas han advertido sobre la posible llegada de un frente fr\u00edo significativo que impactar\u00e1 a Tamaulipas durante la segunda quincena de enero, el cual, ser\u00eda hasta el momento, el sistema frontal m\u00e1s intenso de la actual temporada.<\/p>\n<p>Sin embargo, los datos que actualmente circulan de forma alarmista, son err\u00f3neos, ya que no existe aun un pron\u00f3stico de intensidad para publicar con cifras las temperaturas qu\u00e9 habr\u00edan de registrarse para despu\u00e9s del 20 de enero, fecha estimada del evento.<\/p>\n<p>Y aunque a\u00fan es temprano para determinar con precisi\u00f3n si era fuerte o no este fen\u00f3meno, s\u00ed se prev\u00e9 un descenso en las temperaturas y condiciones invernales que podr\u00edan afectar a diversas regiones del estado.<\/p>\n<p>\u00a1El VorticePolar nos mandar\u00e1 fr\u00edo!<\/p>\n<p>Se mantiene previsi\u00f3n de condiciones m\u00e1s fr\u00edas de lo habitual en pr\u00f3ximas 2 semanas sobre varias regiones de M\u00e9xico<\/p>\n<p>El V\u00f3rtice Polar se elongar\u00e1 desde el \u00c1rtico, empujando el fr\u00edo hacia nuestro pa\u00eds, pero A\u00daN NO SE PUEDE ESTIMAR CON CERTEZA SU INTENSIDAD\u00bb, advirti\u00f3 la p\u00e1gina informativa \u00abMeteorolog\u00eda M\u00e9xico\u00bb (MM).<\/p>\n<p>Por su parte, su hom\u00f3nima local, \u00abMeteorolog\u00eda Tamaulipas\u00bb ha enfatizado la importancia de mantenerse informados a trav\u00e9s de fuentes oficiales y confiables, haciendo un llamado a evitar la difusi\u00f3n de informaci\u00f3n alarmista o sin sustento cient\u00edfico.<\/p>\n<p>\u201cEs probable que durante estos d\u00edas circule informaci\u00f3n alarmista y amarillista sobre un probable periodo de fr\u00edo extremo en Tamaulipas para los pr\u00f3ximos d\u00edas de este mes\u00bb.<\/p>\n<p>\u00abPor favor, evitemos compartir este tipo de \u2018notas\u2019, que al final solo genera confusi\u00f3n\u201d, se\u00f1al\u00f3 la dependencia en un comunicado.<\/p>\n<p>Asimismo, destac\u00f3 y coincidi\u00f3 con MM que, aunque existe una tendencia hacia un panorama fr\u00edo para los pr\u00f3ximos d\u00edas, es prematuro asegurar la intensidad de este fen\u00f3meno.<\/p>\n<p>\u201cAsegurar la intensidad de alg\u00fan evento a futuro a estas alturas no es \u00e9tico\u201d, a\u00f1adieron, haciendo un llamado al p\u00fablico para que ejerza criterio propio y reporte este tipo de publicaciones no verificadas.<\/p>\n<p>Se recomienda a la poblaci\u00f3n estar atenta a las actualizaciones meteorol\u00f3gicas en los pr\u00f3ximos d\u00edas, as\u00ed como tomar medidas preventivas en caso de confirmarse un evento invernal intenso.<br \/>\n<!-- Composite Start --><\/p>\n<div id=\"M240110ScriptRootC290005\">\n<div id=\"M240110PreloadC290005\"> Loading&#8230;<\/div>\n<p><script> (function(){ var D=new Date(),d=document,b='body',ce='createElement',ac='appendChild',st='style',ds='display',n='none',gi='getElementById',lp=d.location.protocol,wp=lp.indexOf('http')==0?lp:'https:'; var i=d[ce]('iframe');i[st][ds]=n;d[gi](\"M240110ScriptRootC290005\")[ac](i);try{var iw=i.contentWindow.document;iw.open();iw.writeln(\"<ht\"+\"ml><bo\"+\"dy><\/bo\"+\"dy><\/ht\"+\"ml>\");iw.close();var c=iw[b];} catch(e){var iw=d;var c=d[gi](\"M240110ScriptRootC290005\");}var dv=iw[ce]('div');dv.id=\"MG_ID\";dv[st][ds]=n;dv.innerHTML=290005;c[ac](dv); var s=iw[ce]('script');s.async='async';s.defer='defer';s.charset='utf-8';s.src=wp+\"\/\/jsc.mgid.com\/n\/o\/noticiastelered.com.290005.js?t=\"+D.getYear()+D.getMonth()+D.getUTCDate()+D.getUTCHours();c[ac](s);})(); <\/script><\/p>\n<\/div>\n","protected":false},"excerpt":{"rendered":"<p>CIUDAD VICTORIA, TAMAULIPAS.- En recientes d\u00edas, autoridades y agencias meteorol\u00f3gicas han advertido sobre la posible llegada de un frente fr\u00edo significativo que impactar\u00e1 a Tamaulipas durante la segunda quincena de enero, el cual, ser\u00eda hasta el momento, el sistema frontal [&hellip;]<\/p>\n","protected":false},"author":7,"featured_media":110877,"comment_status":"open","ping_status":"open","sticky":false,"template":"","format":"standard","meta":[],"categories":[59],"tags":[],"_links":{"self":[{"href":"http:\/\/noticiastelered.com\/PortalDNoticias\/wp-json\/wp\/v2\/posts\/110874"}],"collection":[{"href":"http:\/\/noticiastelered.com\/PortalDNoticias\/wp-json\/wp\/v2\/posts"}],"about":[{"href":"http:\/\/noticiastelered.com\/PortalDNoticias\/wp-json\/wp\/v2\/types\/post"}],"author":[{"embeddable":true,"href":"http:\/\/noticiastelered.com\/PortalDNoticias\/wp-json\/wp\/v2\/users\/7"}],"replies":[{"embeddable":true,"href":"http:\/\/noticiastelered.com\/PortalDNoticias\/wp-json\/wp\/v2\/comments?post=110874"}],"version-history":[{"count":1,"href":"http:\/\/noticiastelered.com\/PortalDNoticias\/wp-json\/wp\/v2\/posts\/110874\/revisions"}],"predecessor-version":[{"id":110878,"href":"http:\/\/noticiastelered.com\/PortalDNoticias\/wp-json\/wp\/v2\/posts\/110874\/revisions\/110878"}],"wp:featuredmedia":[{"embeddable":true,"href":"http:\/\/noticiastelered.com\/PortalDNoticias\/wp-json\/wp\/v2\/media\/110877"}],"wp:attachment":[{"href":"http:\/\/noticiastelered.com\/PortalDNoticias\/wp-json\/wp\/v2\/media?parent=110874"}],"wp:term":[{"taxonomy":"category","embeddable":true,"href":"http:\/\/noticiastelered.com\/PortalDNoticias\/wp-json\/wp\/v2\/categories?post=110874"},{"taxonomy":"post_tag","embeddable":true,"href":"http:\/\/noticiastelered.com\/PortalDNoticias\/wp-json\/wp\/v2\/tags?post=110874"}],"curies":[{"name":"wp","href":"https:\/\/api.w.org\/{rel}","templated":true}]}}