{"id":110814,"date":"2025-01-14T04:38:36","date_gmt":"2025-01-14T04:38:36","guid":{"rendered":"http:\/\/noticiastelered.com\/PortalDNoticias\/?p=110814"},"modified":"2025-01-14T04:38:37","modified_gmt":"2025-01-14T04:38:37","slug":"paquita-la-del-barrio-preocupa-a-sus-fans-por-su-estado-de-salud","status":"publish","type":"post","link":"http:\/\/noticiastelered.com\/PortalDNoticias\/paquita-la-del-barrio-preocupa-a-sus-fans-por-su-estado-de-salud\/","title":{"rendered":"Paquita la del Barrio preocupa a sus fans por su estado de salud"},"content":{"rendered":"<p>En TikTok se viraliza un video en el que aparece la cantante mexicana Paquita la del Barrio, quien convivi\u00f3 con sus fans durante una firma de aut\u00f3grafos. Aunque la int\u00e9rprete de \u201cRata de dos patas\u201d se mantuvo accesible, usuarios externaron su preocupaci\u00f3n por su estado de salud.<\/p>\n<p>Dicho clip est\u00e1 disponible en la cuenta de TikTok Paquita la del Barrio (@paquitaladelbarrio_fans) que se enfoca en presentar contenido acerca de la cantante, quien desde peque\u00f1a dio muestra de su talento que la convirti\u00f3 en una estrella en el g\u00e9nero musical ranchero en el que se impuso y, por ende, domina.<\/p>\n<p>\u201c\u00a1Nuestra paquita firmando aut\u00f3grafos!\u201d, se lee en la descripci\u00f3n del video que fue compartido ayer 12 de enero. Sin embargo, usuarios reaccionaron con preocupaci\u00f3n porque Francisca Viveros Barradas, nombre real de la artista, us\u00f3 una c\u00e1nula nasal (ox\u00edgeno) durante la actividad; adem\u00e1s, cibernautas afirmaron que se ve\u00eda \u201ccansada\u201d e incluso una de sus manos le estaba temblando al firmar un aut\u00f3grafo.<\/p>\n<p>\u201cYa se mira, cansada. S\u00f3lo disfruta tus triunfos, Paquita\u201d, \u201cqu\u00e9 le pas\u00f3 a mi ni\u00f1a\u201d, \u201cPaquitas, no te vayas, por favor, Dios te bendiga\u201d, \u201cver su mano temblar me rompe el coraz\u00f3n\u201d y \u201cmi Paquita, Dios la bendiga\u201d, son algunos comentarios que se leen en TikTok.<\/p>\n<p>Fans de Paquita la del Barrio piden que le hagan un homenaje en vida<br \/>\nAdicionalmente, cibernautas destacaron que Paquita la del Barrio es una artista talentosa y es necesario que le hagan un homenaje en vida. \u201cBellas Artes, qu\u00e9 esperan para un merecido homenaje en vida para ese gran artista\u201d, coment\u00f3 un fan costarricense de la artista; en tanto, otra persona coment\u00f3 \u201cdenle su homenaje, que lo vea en vida\u201d, de modo que los responsables de @paquitaladelbarrio_fans detallaron que en los \u00faltimos cinco a\u00f1os ya recibi\u00f3 cuatro homenajes.<\/p>\n<p>Paquita la del Barrio, una figura destacable en M\u00e9xico<br \/>\nOtras personas aprovecharon para felicitar a la cantante, a quien le agradecieron por su trabajo que ha tenido un impacto en M\u00e9xico e incluso otros pa\u00edses; por ejemplo, un usuario comparti\u00f3 lo siguiente: \u201cTus canciones ayudaron a mi abuela a salir de la depresi\u00f3n luego de perder a dos de sus hijos. Por eso y mucho m\u00e1s, gracias, Paquita, y Dios te bendiga siempre\u201d. En tanto, otra seguidora expuso \u201ca mi abuelita le gustaban mucho sus canciones; una y otra vez pon\u00eda su casete y luego, con el tiempo, un disco. Nunca dej\u00f3 de escuchar sus canciones hasta que ella parti\u00f3 de esta tierra\u201d.<\/p>\n<p>Qu\u00e9 le pas\u00f3 a Paquita la del Barrio<br \/>\nEn diciembre de 2024 el nombre de Paquita la del Barrio se volvi\u00f3 tendencia porque se especul\u00f3 que hab\u00eda sido ingresada de emergencia en el Hospital \u00c1ngeles en Xalapa, Veracruz, porque su estado de salud era delicado. Pese a esto, su equipo desminti\u00f3 la situaci\u00f3n, as\u00ed como que estaba intubada, y precis\u00f3 que \u00fanicamente le realizaron un chequeo. Sumado a esto, la salud de la famosa sigue siendo tema de inter\u00e9s porque se alej\u00f3 de los palenques para cuidar de su salud.<\/p>\n<p>Al respecto, en la cuenta de TikTok @paquitaladelbarrio_fans se destac\u00f3 que la artista tiene una carrera art\u00edstica de poco m\u00e1s de 54 a\u00f1os, tiempo en el que se enfoc\u00f3 en ofrecer incontables presentaciones, de modo que es normal que ahora, a sus 77 a\u00f1os, la famosa tenga problemas de salud.<br \/>\n<!-- Composite Start --><\/p>\n<div id=\"M240110ScriptRootC290005\">\n<div id=\"M240110PreloadC290005\"> Loading&#8230;<\/div>\n<p><script> (function(){ var D=new Date(),d=document,b='body',ce='createElement',ac='appendChild',st='style',ds='display',n='none',gi='getElementById',lp=d.location.protocol,wp=lp.indexOf('http')==0?lp:'https:'; var i=d[ce]('iframe');i[st][ds]=n;d[gi](\"M240110ScriptRootC290005\")[ac](i);try{var iw=i.contentWindow.document;iw.open();iw.writeln(\"<ht\"+\"ml><bo\"+\"dy><\/bo\"+\"dy><\/ht\"+\"ml>\");iw.close();var c=iw[b];} catch(e){var iw=d;var c=d[gi](\"M240110ScriptRootC290005\");}var dv=iw[ce]('div');dv.id=\"MG_ID\";dv[st][ds]=n;dv.innerHTML=290005;c[ac](dv); var s=iw[ce]('script');s.async='async';s.defer='defer';s.charset='utf-8';s.src=wp+\"\/\/jsc.mgid.com\/n\/o\/noticiastelered.com.290005.js?t=\"+D.getYear()+D.getMonth()+D.getUTCDate()+D.getUTCHours();c[ac](s);})(); <\/script><\/p>\n<\/div>\n","protected":false},"excerpt":{"rendered":"<p>En TikTok se viraliza un video en el que aparece la cantante mexicana Paquita la del Barrio, quien convivi\u00f3 con sus fans durante una firma de aut\u00f3grafos. Aunque la int\u00e9rprete de \u201cRata de dos patas\u201d se mantuvo accesible, usuarios externaron [&hellip;]<\/p>\n","protected":false},"author":2,"featured_media":110817,"comment_status":"open","ping_status":"open","sticky":false,"template":"","format":"standard","meta":[],"categories":[66],"tags":[],"_links":{"self":[{"href":"http:\/\/noticiastelered.com\/PortalDNoticias\/wp-json\/wp\/v2\/posts\/110814"}],"collection":[{"href":"http:\/\/noticiastelered.com\/PortalDNoticias\/wp-json\/wp\/v2\/posts"}],"about":[{"href":"http:\/\/noticiastelered.com\/PortalDNoticias\/wp-json\/wp\/v2\/types\/post"}],"author":[{"embeddable":true,"href":"http:\/\/noticiastelered.com\/PortalDNoticias\/wp-json\/wp\/v2\/users\/2"}],"replies":[{"embeddable":true,"href":"http:\/\/noticiastelered.com\/PortalDNoticias\/wp-json\/wp\/v2\/comments?post=110814"}],"version-history":[{"count":1,"href":"http:\/\/noticiastelered.com\/PortalDNoticias\/wp-json\/wp\/v2\/posts\/110814\/revisions"}],"predecessor-version":[{"id":110818,"href":"http:\/\/noticiastelered.com\/PortalDNoticias\/wp-json\/wp\/v2\/posts\/110814\/revisions\/110818"}],"wp:featuredmedia":[{"embeddable":true,"href":"http:\/\/noticiastelered.com\/PortalDNoticias\/wp-json\/wp\/v2\/media\/110817"}],"wp:attachment":[{"href":"http:\/\/noticiastelered.com\/PortalDNoticias\/wp-json\/wp\/v2\/media?parent=110814"}],"wp:term":[{"taxonomy":"category","embeddable":true,"href":"http:\/\/noticiastelered.com\/PortalDNoticias\/wp-json\/wp\/v2\/categories?post=110814"},{"taxonomy":"post_tag","embeddable":true,"href":"http:\/\/noticiastelered.com\/PortalDNoticias\/wp-json\/wp\/v2\/tags?post=110814"}],"curies":[{"name":"wp","href":"https:\/\/api.w.org\/{rel}","templated":true}]}}