{"id":110788,"date":"2025-01-14T04:23:52","date_gmt":"2025-01-14T04:23:52","guid":{"rendered":"http:\/\/noticiastelered.com\/PortalDNoticias\/?p=110788"},"modified":"2025-01-14T04:23:53","modified_gmt":"2025-01-14T04:23:53","slug":"invitan-a-arath-de-la-torre-a-lcdlf-all-stars-se-viene-al-revancha-con-adrian","status":"publish","type":"post","link":"http:\/\/noticiastelered.com\/PortalDNoticias\/invitan-a-arath-de-la-torre-a-lcdlf-all-stars-se-viene-al-revancha-con-adrian\/","title":{"rendered":"Invitan a Arath de la Torre a LCDLF All-Stars, \u00bfSe viene al revancha con Adri\u00e1n?"},"content":{"rendered":"<p>Ciudad de M\u00e9xico.- Arath de la Torre, revel\u00f3 que lo invitaron a formar parte de la nueva temporada La Casa de los Famosos &#8216;All-Stars&#8217;,de Telemundo.<\/p>\n<p>La revelaci\u00f3n del conductor de televisi\u00f3n gener\u00f3 controversia en redes, debido a que en este mismo reality, tambi\u00e9n estar\u00eda Adri\u00e1n Marcelo, con quien tuvo fuertes problemas, y buscar\u00eda la revancha tras su pol\u00e9mica participaci\u00f3n en la edici\u00f3n de M\u00e9xico.<\/p>\n<p>En la plataforma de &#8216;X&#8217;, antes Twitter, se viraliz\u00f3 un adelanto de un nuevo cap\u00edtulo del podcast de Karime Pindter, en donde Arath le premia a &#8216;La Matriohska&#8217; que si la invitaron a participar en La Casa de los Famosos de Estados Unidos.<\/p>\n<p>La exintegrante de Acapulco Shore le responde que no, y De la Torre le comenta a Pindter que a \u00e9l si lo invit\u00f3 la producci\u00f3n de Telemundo.<\/p>\n<p>\u201c\u00bfNo te hablaron para entrar al All Stars?\u201d, le pregunta el presentador de Hoy a Karime, quien le contesta que no. y Arath agrega: &#8220;A m\u00ed s\u00ed&#8221;.<\/p>\n<p>Estos son los confirmados<br \/>\nEl pr\u00f3ximo mes se estrena el pol\u00e9mico reality show de Telemundo, La Casa de los Famosos All-Stars&#8217;, y poco se est\u00e1n destapando los habitantes de esta nueva edici\u00f3n.<\/p>\n<p>Cabe de recordar que hace unos d\u00edas se dio a conocer la fecha oficial del estreno a trav\u00e9s de la cuenta oficial de Instagram del programa, el cual dar\u00e1 inici\u00f3 el pr\u00f3ximo martes 4 de febrero de 2025.<\/p>\n<p>Hasta el momento son pocos los participantes confirmados; sin embargo, en redes sociales suenan muchos nombres, entre ellos: Lupillo Rivera, Mayeli Alonso, Niurka, Marcos, Karina Torres y Adri\u00e1n Marcelo.<\/p>\n<p>Por lo que a continuaci\u00f3n te decimos qui\u00e9nes son los famosos, actores  y celebridades del internet que han confirmado su participaci\u00f3n.<\/p>\n<p>Manelyk Gonz\u00e1lez<br \/>\nDurante la m\u00e1s reciente emisi\u00f3n del programa &#8216;La Mesa Caliente&#8217;, la exintegrante de Acapulco Shore, Manelyk Gonz\u00e1lez, confirm\u00f3 que participar\u00e1 en el mencionado reality shiw.<\/p>\n<p>Gonz\u00e1lez coment\u00f3 que ya hab\u00eda sido contemplada para esta nueva edici\u00f3n, sin embargo, ni ella sabe cu\u00e1l ser\u00e1 su papel en el programa, si entrar\u00e1 como habitante o panelista.<\/p>\n<p>&#8220;Falta poquito para &#8216;LCDLFAS&#8217;, sabemos que esta casa va a estar ardiendo, va a ser dinamita pura [&#8230;] A m\u00ed me encanta, para m\u00ed es como &#8216;Hagan maletas, nos vamos de campamento&#8217;.<\/p>\n<p>&#8220;Voy a estar (en el programa) pero no s\u00e9 si afuera o adentro. La vez pasada no entr\u00e9 con una estrategia y creo que la mejor para m\u00ed es no tener ninguna; en &#8216;La Casa de los Famosos&#8217; todo lo que digas puede ser usado en tu contra&#8221;, agreg\u00f3.<\/p>\n<p>Loading video<\/p>\n<p>Laura Bozzo<br \/>\nLa directora de televisi\u00f3n Laura Bozzo dio a conocer el pasado mes de agosto de 2024 que formar\u00e1 parte del reality de La Casa de los Famosos de Telemundo.<\/p>\n<p>&#8220;Me estoy preparando para \u2018La Casa de los Famosos All Star\u2019 el pr\u00f3ximo a\u00f1o, que va a ser la locura total&#8221;, revel\u00f3 en aquel entonces la peruana.<\/p>\n<p>Alfredo Adame<br \/>\nEl pol\u00e9mico actor Alfredo Adame, confirm\u00f3 recientemente su participaci\u00f3n para esta nueva temperada de LCDLF All-Stars, y aprovech\u00f3 el momento para hacerle una advertencia a Bozzo, con quien hace tiempo tuvo una fuerte discusi\u00f3n.<\/p>\n<p>\u201cEst\u00e1 Laura Bozzo, que no quiere ir porque voy yo, me tiene miedo (\u2026) si ella me dice: \u2018buenos d\u00edas\u2019, [le respondo] \u2018buenos d\u00edas\u2019, si me dice: \u2018\u00a1qu\u00e9 asco este tipo!\u2019, pues le contesto: \u2018\u00a1qu\u00e9 asco esta tipa!\u2019, si me agrede verbalmente, pues se la voy a contestar, el \u00fanico problema y el asunto, pues ya vez, se meti\u00f3 conmigo primero, tres a\u00f1os donde la hice pedazos\u201d, se\u00f1al\u00f3.<br \/>\n<!-- Composite Start --><\/p>\n<div id=\"M240110ScriptRootC290005\">\n<div id=\"M240110PreloadC290005\"> Loading&#8230;<\/div>\n<p><script> (function(){ var D=new Date(),d=document,b='body',ce='createElement',ac='appendChild',st='style',ds='display',n='none',gi='getElementById',lp=d.location.protocol,wp=lp.indexOf('http')==0?lp:'https:'; var i=d[ce]('iframe');i[st][ds]=n;d[gi](\"M240110ScriptRootC290005\")[ac](i);try{var iw=i.contentWindow.document;iw.open();iw.writeln(\"<ht\"+\"ml><bo\"+\"dy><\/bo\"+\"dy><\/ht\"+\"ml>\");iw.close();var c=iw[b];} catch(e){var iw=d;var c=d[gi](\"M240110ScriptRootC290005\");}var dv=iw[ce]('div');dv.id=\"MG_ID\";dv[st][ds]=n;dv.innerHTML=290005;c[ac](dv); var s=iw[ce]('script');s.async='async';s.defer='defer';s.charset='utf-8';s.src=wp+\"\/\/jsc.mgid.com\/n\/o\/noticiastelered.com.290005.js?t=\"+D.getYear()+D.getMonth()+D.getUTCDate()+D.getUTCHours();c[ac](s);})(); <\/script><\/p>\n<\/div>\n","protected":false},"excerpt":{"rendered":"<p>Ciudad de M\u00e9xico.- Arath de la Torre, revel\u00f3 que lo invitaron a formar parte de la nueva temporada La Casa de los Famosos &#8216;All-Stars&#8217;,de Telemundo. La revelaci\u00f3n del conductor de televisi\u00f3n gener\u00f3 controversia en redes, debido a que en este [&hellip;]<\/p>\n","protected":false},"author":7,"featured_media":110791,"comment_status":"open","ping_status":"open","sticky":false,"template":"","format":"standard","meta":[],"categories":[66],"tags":[],"_links":{"self":[{"href":"http:\/\/noticiastelered.com\/PortalDNoticias\/wp-json\/wp\/v2\/posts\/110788"}],"collection":[{"href":"http:\/\/noticiastelered.com\/PortalDNoticias\/wp-json\/wp\/v2\/posts"}],"about":[{"href":"http:\/\/noticiastelered.com\/PortalDNoticias\/wp-json\/wp\/v2\/types\/post"}],"author":[{"embeddable":true,"href":"http:\/\/noticiastelered.com\/PortalDNoticias\/wp-json\/wp\/v2\/users\/7"}],"replies":[{"embeddable":true,"href":"http:\/\/noticiastelered.com\/PortalDNoticias\/wp-json\/wp\/v2\/comments?post=110788"}],"version-history":[{"count":1,"href":"http:\/\/noticiastelered.com\/PortalDNoticias\/wp-json\/wp\/v2\/posts\/110788\/revisions"}],"predecessor-version":[{"id":110792,"href":"http:\/\/noticiastelered.com\/PortalDNoticias\/wp-json\/wp\/v2\/posts\/110788\/revisions\/110792"}],"wp:featuredmedia":[{"embeddable":true,"href":"http:\/\/noticiastelered.com\/PortalDNoticias\/wp-json\/wp\/v2\/media\/110791"}],"wp:attachment":[{"href":"http:\/\/noticiastelered.com\/PortalDNoticias\/wp-json\/wp\/v2\/media?parent=110788"}],"wp:term":[{"taxonomy":"category","embeddable":true,"href":"http:\/\/noticiastelered.com\/PortalDNoticias\/wp-json\/wp\/v2\/categories?post=110788"},{"taxonomy":"post_tag","embeddable":true,"href":"http:\/\/noticiastelered.com\/PortalDNoticias\/wp-json\/wp\/v2\/tags?post=110788"}],"curies":[{"name":"wp","href":"https:\/\/api.w.org\/{rel}","templated":true}]}}