{"id":110747,"date":"2025-01-13T08:39:49","date_gmt":"2025-01-13T08:39:49","guid":{"rendered":"http:\/\/noticiastelered.com\/PortalDNoticias\/?p=110747"},"modified":"2025-01-13T08:39:51","modified_gmt":"2025-01-13T08:39:51","slug":"sergio-mayer-sufre-grave-accidente-y-aparece-en-silla-de-ruedas","status":"publish","type":"post","link":"http:\/\/noticiastelered.com\/PortalDNoticias\/sergio-mayer-sufre-grave-accidente-y-aparece-en-silla-de-ruedas\/","title":{"rendered":"Sergio Mayer sufre grave accidente y aparece en silla de ruedas"},"content":{"rendered":"<p>CIUDAD DE M\u00c9XICO.- Las vacaciones de invierno no fueron del todo agradables para Sergio Mayer, pues el actor y pol\u00edtico revel\u00f3 que sufri\u00f3 un grave accidente que lo dej\u00f3 en silla de ruedas por una fractura que por ahora le permite caminar; la noticia tom\u00f3 por sorpresa al mundo del espect\u00e1culo y a sus fieles fans, quienes ya le desearon una pronta recuperaci\u00f3n. Afortunadamente el famoso de 58 a\u00f1os ya se encuentra en recuperaci\u00f3n y con un excelente estado de \u00e1nimo.<\/p>\n<p>En su regreso a M\u00e9xico, Sergio Mayer respondi\u00f3 algunas de las preguntas de la prensa que lo esperaban en el aeropuerto y fue cuando dio a conocer que a causa de un accidente en sus vacaciones familiares de invierno sufri\u00f3 una fuerte fractura mientras realizaba deporte extremo. \u00abEstoy bien\u00bb, dijo al hablar sobre la lesi\u00f3n que por ahora lo obliga a transportarse en silla de ruedas y posiblemente con muletas.<\/p>\n<p>\u00abHaciendo deporte extremo, pero estoy bien, estoy perfectamente bien. Nada m\u00e1s que se (me) fractur\u00f3 el tal\u00f3n\u00bb, dijo el exGaribaldi al responder a las arduas preguntas.<\/p>\n<p>De acuerdo con el actor, el accidente ocurri\u00f3 durante sus vacaciones y entre risas asegur\u00f3 que por practicar deportes que ya no van con su edad, algo que demostr\u00f3 que se encuentra en perfecto estado de salud. \u00abFuimos a esquiar y por hacer cosas extremas, por hacerle, yo ya no tengo edad para eso\u00bb, se sincer\u00f3.<\/p>\n<p>Aunque estas fotos circulan desde hace unos d\u00edas, sus fans no se hab\u00edan percatado del accidente.<\/p>\n<p>Sergio Mayer sufre accidente esquiando y se fractura el pie<\/p>\n<p>El actor y pol\u00edtico Sergio Mayer revel\u00f3 que estas vacaciones fue esquiar con su familia y en una haza\u00f1a peligrosa termin\u00f3 con una fractura en el pie, para ser m\u00e1s espec\u00edficos, en el tal\u00f3n; aunque no revel\u00f3 demasiados detalles, su estado de \u00e1nimo tan alegre y bromista dej\u00f3 ver que la lesi\u00f3n no pas\u00f3 a mayores y que con los cuidados adecuados pronto volver\u00e1 a la normalidad.<\/p>\n<p>\u00ab(Romperse un pie) en el teatro es de buena suerte, pero no en esquiando\u00bb, brome\u00f3 el actor.<\/p>\n<p>En su breve encuentro con los medios, el exparticipante de \u00abLa Casa de los Famosos M\u00e9xico\u00bb dio detalles de c\u00f3mo su familia ha vivido este accidente y fractura, especialmente sus hijas de quienes dijo, \u00abhan tenido que rifarse con las maletas, ayud\u00e1ndome, empuj\u00e1ndome\u00bb, dijo antes de hablar sobre los cuidados que tendr\u00e1 que llevar en las semanas siguientes a causa de la lesi\u00f3n.<\/p>\n<p>\u00bfCu\u00e1l es el estado de salud de Sergio Mayer?<\/p>\n<p>La recuperaci\u00f3n de Sergio Mayer tras su fractura en el tal\u00f3n por irse a esquiar y practicar de una forma muy riesgosa ser\u00e1 larga, pues seg\u00fan lo que cont\u00f3 el famoso, tendr\u00e1 que usar f\u00e9rula al menos hasta finales de febrero o principios de marzo; sin embargo, se\u00f1al\u00f3 que \u00e9l ya se encuentra poniendo de su parte y realizando cada cuidado y recomendaci\u00f3n de los m\u00e9dicos para recuperarse m\u00e1s r\u00e1pido y evitar problemas a futuro.<\/p>\n<p>\u00abTengo que estar en reposo y tengo que traer la bota y todo, unas seis semanas. Entonces trato de caminar lo menos posible porque mientras m\u00e1s te cuides, obviamente es mejor (la recuperaci\u00f3n)\u00bb, sentenci\u00f3 antes de agregar que m\u00e1ximo estar\u00e1 ocho semanas con su f\u00e9rula.<\/p>\n<p>Finalmente, en su aparici\u00f3n en el aeropuerto, Sergio Mayer dio detalles de lo dolorosa que fue la fractura, misma que equipar\u00f3 con la enfermedad de gota con un dolor que te impide apoyar bien el pie, adem\u00e1s de extremadamente doloroso. En sus declaraciones, el famoso dijo que empez\u00f3 el 2025 en el hospital, aunque afortunadamente rodeado de su familia y con un buen estado de salud.<br \/>\n<!-- Composite Start --><\/p>\n<div id=\"M240110ScriptRootC290005\">\n<div id=\"M240110PreloadC290005\"> Loading&#8230;<\/div>\n<p><script> (function(){ var D=new Date(),d=document,b='body',ce='createElement',ac='appendChild',st='style',ds='display',n='none',gi='getElementById',lp=d.location.protocol,wp=lp.indexOf('http')==0?lp:'https:'; var i=d[ce]('iframe');i[st][ds]=n;d[gi](\"M240110ScriptRootC290005\")[ac](i);try{var iw=i.contentWindow.document;iw.open();iw.writeln(\"<ht\"+\"ml><bo\"+\"dy><\/bo\"+\"dy><\/ht\"+\"ml>\");iw.close();var c=iw[b];} catch(e){var iw=d;var c=d[gi](\"M240110ScriptRootC290005\");}var dv=iw[ce]('div');dv.id=\"MG_ID\";dv[st][ds]=n;dv.innerHTML=290005;c[ac](dv); var s=iw[ce]('script');s.async='async';s.defer='defer';s.charset='utf-8';s.src=wp+\"\/\/jsc.mgid.com\/n\/o\/noticiastelered.com.290005.js?t=\"+D.getYear()+D.getMonth()+D.getUTCDate()+D.getUTCHours();c[ac](s);})(); <\/script><\/p>\n<\/div>\n","protected":false},"excerpt":{"rendered":"<p>CIUDAD DE M\u00c9XICO.- Las vacaciones de invierno no fueron del todo agradables para Sergio Mayer, pues el actor y pol\u00edtico revel\u00f3 que sufri\u00f3 un grave accidente que lo dej\u00f3 en silla de ruedas por una fractura que por ahora le [&hellip;]<\/p>\n","protected":false},"author":7,"featured_media":110750,"comment_status":"open","ping_status":"open","sticky":false,"template":"","format":"standard","meta":[],"categories":[66],"tags":[],"_links":{"self":[{"href":"http:\/\/noticiastelered.com\/PortalDNoticias\/wp-json\/wp\/v2\/posts\/110747"}],"collection":[{"href":"http:\/\/noticiastelered.com\/PortalDNoticias\/wp-json\/wp\/v2\/posts"}],"about":[{"href":"http:\/\/noticiastelered.com\/PortalDNoticias\/wp-json\/wp\/v2\/types\/post"}],"author":[{"embeddable":true,"href":"http:\/\/noticiastelered.com\/PortalDNoticias\/wp-json\/wp\/v2\/users\/7"}],"replies":[{"embeddable":true,"href":"http:\/\/noticiastelered.com\/PortalDNoticias\/wp-json\/wp\/v2\/comments?post=110747"}],"version-history":[{"count":1,"href":"http:\/\/noticiastelered.com\/PortalDNoticias\/wp-json\/wp\/v2\/posts\/110747\/revisions"}],"predecessor-version":[{"id":110751,"href":"http:\/\/noticiastelered.com\/PortalDNoticias\/wp-json\/wp\/v2\/posts\/110747\/revisions\/110751"}],"wp:featuredmedia":[{"embeddable":true,"href":"http:\/\/noticiastelered.com\/PortalDNoticias\/wp-json\/wp\/v2\/media\/110750"}],"wp:attachment":[{"href":"http:\/\/noticiastelered.com\/PortalDNoticias\/wp-json\/wp\/v2\/media?parent=110747"}],"wp:term":[{"taxonomy":"category","embeddable":true,"href":"http:\/\/noticiastelered.com\/PortalDNoticias\/wp-json\/wp\/v2\/categories?post=110747"},{"taxonomy":"post_tag","embeddable":true,"href":"http:\/\/noticiastelered.com\/PortalDNoticias\/wp-json\/wp\/v2\/tags?post=110747"}],"curies":[{"name":"wp","href":"https:\/\/api.w.org\/{rel}","templated":true}]}}