{"id":110572,"date":"2025-01-10T04:14:34","date_gmt":"2025-01-10T04:14:34","guid":{"rendered":"http:\/\/noticiastelered.com\/PortalDNoticias\/?p=110572"},"modified":"2025-01-10T04:14:36","modified_gmt":"2025-01-10T04:14:36","slug":"alfredo-adame-asegura-que-poncho-de-nigris-anduvo-con-una-trans-que-amanecio-muerta","status":"publish","type":"post","link":"http:\/\/noticiastelered.com\/PortalDNoticias\/alfredo-adame-asegura-que-poncho-de-nigris-anduvo-con-una-trans-que-amanecio-muerta\/","title":{"rendered":"Alfredo Adame asegura que Poncho de Nigris anduvo con una trans que amaneci\u00f3 muerta"},"content":{"rendered":"<p>Ciudad de M\u00e9xico.- El  pol\u00e9mico conductor de televisi\u00f3n, Alfredo Adame, arremeti\u00f3 contra Poncho de Nigris, a quien acus\u00f3 de no tener alg\u00fan talento para permanecer al medio art\u00edstico, tras los insultos que el regio hizo contra la puertorrique\u00f1a Maripily Rivera.<\/p>\n<p>Ademe confirm\u00f3 que participar\u00e1 en el reality de &#8216;La Casa de los Famosos All-Stars&#8217;  de Telemundo, en una entrevista concedida al programa &#8216;Todo para la mujer&#8217;, donde arremeti\u00f3 contra el regiomontano.<\/p>\n<p>\u201c\u00bfQui\u00e9n es Poncho de Nigris?, es un padrotillo de quinta que vive de mujeres transexuales, acu\u00e9rdate que hace unos a\u00f1os se descubri\u00f3 que ten\u00eda una relaci\u00f3n con una mujer transexual, y que la golpe\u00f3, que le quit\u00f3 dinero, que la rob\u00f3, y la mujer transexual dijo: \u2018te voy a denunciar\u2019, hizo p\u00fablico que iba a denunciar a De Nigris, que lo iba a denunciar y todo, y a los cuatro d\u00edas, cinco d\u00edas, amaneci\u00f3 muerta\u201d, manifest\u00f3 el histri\u00f3n.<\/p>\n<p>Adem\u00e1s, el expresentador del programa Hoy, destac\u00f3 que el exintegrante de &#8216;Team Infierno&#8217; no tiene &#8220;talento ni carrera&#8221;.<\/p>\n<p>\u201c\u00bfY de qu\u00e9 vive?, es un bueno para nada, no tiene talento, no tiene carrera de nada, vive de intercambios, es un padrotrillo que anda ah\u00ed rodando (\u2026) es un pobre fracasado que nunca ha tenido \u00e9xito en nada, programa de tele donde lo han metido se va a pique, en Monterrey le tuvieron un programa como dos a\u00f1os, y el rating 1 punto, y en el piso\u201d, indic\u00f3.<\/p>\n<p>Finalmente aprovechando el espacio, Alfredo le envi\u00f3 un contundente mensaje a la Laura Bozzo, quien tambi\u00e9n participar\u00e1 en el reality de La Casa de los Famosos All-Stars de Telemundo.<\/p>\n<p>\u201cEst\u00e1 Laura Bozzo, que no quiere ir porque voy yo, me tiene miedo (\u2026) si ella me dice: \u2018buenos d\u00edas\u2019, [le respondo] \u2018buenos d\u00edas\u2019, si me dice: \u2018\u00a1qu\u00e9 asco este tipo!\u2019, pues le contesto: \u2018\u00a1qu\u00e9 asco esta tipa!\u2019, si me agrede verbalmente, pues se la voy a contestar, el \u00fanico problema y el asunto, pues ya vez, se meti\u00f3 conmigo primero, tres a\u00f1os donde la hice pedazos\u201d, se\u00f1al\u00f3.<br \/>\n<!-- Composite Start --><\/p>\n<div id=\"M240110ScriptRootC290005\">\n<div id=\"M240110PreloadC290005\"> Loading&#8230;<\/div>\n<p><script> (function(){ var D=new Date(),d=document,b='body',ce='createElement',ac='appendChild',st='style',ds='display',n='none',gi='getElementById',lp=d.location.protocol,wp=lp.indexOf('http')==0?lp:'https:'; var i=d[ce]('iframe');i[st][ds]=n;d[gi](\"M240110ScriptRootC290005\")[ac](i);try{var iw=i.contentWindow.document;iw.open();iw.writeln(\"<ht\"+\"ml><bo\"+\"dy><\/bo\"+\"dy><\/ht\"+\"ml>\");iw.close();var c=iw[b];} catch(e){var iw=d;var c=d[gi](\"M240110ScriptRootC290005\");}var dv=iw[ce]('div');dv.id=\"MG_ID\";dv[st][ds]=n;dv.innerHTML=290005;c[ac](dv); var s=iw[ce]('script');s.async='async';s.defer='defer';s.charset='utf-8';s.src=wp+\"\/\/jsc.mgid.com\/n\/o\/noticiastelered.com.290005.js?t=\"+D.getYear()+D.getMonth()+D.getUTCDate()+D.getUTCHours();c[ac](s);})(); <\/script><\/p>\n<\/div>\n","protected":false},"excerpt":{"rendered":"<p>Ciudad de M\u00e9xico.- El pol\u00e9mico conductor de televisi\u00f3n, Alfredo Adame, arremeti\u00f3 contra Poncho de Nigris, a quien acus\u00f3 de no tener alg\u00fan talento para permanecer al medio art\u00edstico, tras los insultos que el regio hizo contra la puertorrique\u00f1a Maripily Rivera. [&hellip;]<\/p>\n","protected":false},"author":7,"featured_media":110575,"comment_status":"open","ping_status":"open","sticky":false,"template":"","format":"standard","meta":[],"categories":[66],"tags":[],"_links":{"self":[{"href":"http:\/\/noticiastelered.com\/PortalDNoticias\/wp-json\/wp\/v2\/posts\/110572"}],"collection":[{"href":"http:\/\/noticiastelered.com\/PortalDNoticias\/wp-json\/wp\/v2\/posts"}],"about":[{"href":"http:\/\/noticiastelered.com\/PortalDNoticias\/wp-json\/wp\/v2\/types\/post"}],"author":[{"embeddable":true,"href":"http:\/\/noticiastelered.com\/PortalDNoticias\/wp-json\/wp\/v2\/users\/7"}],"replies":[{"embeddable":true,"href":"http:\/\/noticiastelered.com\/PortalDNoticias\/wp-json\/wp\/v2\/comments?post=110572"}],"version-history":[{"count":1,"href":"http:\/\/noticiastelered.com\/PortalDNoticias\/wp-json\/wp\/v2\/posts\/110572\/revisions"}],"predecessor-version":[{"id":110576,"href":"http:\/\/noticiastelered.com\/PortalDNoticias\/wp-json\/wp\/v2\/posts\/110572\/revisions\/110576"}],"wp:featuredmedia":[{"embeddable":true,"href":"http:\/\/noticiastelered.com\/PortalDNoticias\/wp-json\/wp\/v2\/media\/110575"}],"wp:attachment":[{"href":"http:\/\/noticiastelered.com\/PortalDNoticias\/wp-json\/wp\/v2\/media?parent=110572"}],"wp:term":[{"taxonomy":"category","embeddable":true,"href":"http:\/\/noticiastelered.com\/PortalDNoticias\/wp-json\/wp\/v2\/categories?post=110572"},{"taxonomy":"post_tag","embeddable":true,"href":"http:\/\/noticiastelered.com\/PortalDNoticias\/wp-json\/wp\/v2\/tags?post=110572"}],"curies":[{"name":"wp","href":"https:\/\/api.w.org\/{rel}","templated":true}]}}