{"id":108828,"date":"2024-12-11T05:36:21","date_gmt":"2024-12-11T05:36:21","guid":{"rendered":"http:\/\/noticiastelered.com\/PortalDNoticias\/?p=108828"},"modified":"2024-12-11T05:36:22","modified_gmt":"2024-12-11T05:36:22","slug":"sheinbaum-considera-su-nominacion-a-persona-del-ano-como-un-reconocimiento-a-su-gobierno","status":"publish","type":"post","link":"http:\/\/noticiastelered.com\/PortalDNoticias\/sheinbaum-considera-su-nominacion-a-persona-del-ano-como-un-reconocimiento-a-su-gobierno\/","title":{"rendered":"Sheinbaum considera su nominaci\u00f3n a \u201cpersona del a\u00f1o\u201d como un reconocimiento a su Gobierno"},"content":{"rendered":"<p>Ciudad de M\u00e9xico.- La presidenta de M\u00e9xico, Claudia Sheinbaum, dijo este martes que ser incluida en la lista de diez finalistas a \u201cpersona del a\u00f1o\u201d 2024 de la revista estadounidense Time es un reconocimiento a su Gobierno.<\/p>\n<p>\u201cNo es un reconocimiento personal, sino al trabajo que estamos haciendo, a un equipo de trabajo y que da continuidad a un modelo de desarrollo y a una visi\u00f3n de c\u00f3mo gobernar; se gobierna con cercan\u00eda, con honestidad, con honradez y dando resultados, principalmente a quien menos tiene\u201d, opin\u00f3 en su conferencia diaria.<\/p>\n<p>La mandataria, quien asumi\u00f3 el 1 de octubre, apareci\u00f3 el lunes en la lista final de Time, que destaca su lucha por las personas con menos recursos, su toma de posesi\u00f3n en un momento complicado para la econom\u00eda y su respuesta firme ante los planes de aranceles del presidente electo de Estados Unidos, Donald Trump.<\/p>\n<p>En el listado de la revista, que anunciar\u00e1 el jueves a la \u201cpersona del a\u00f1o\u201d, tambi\u00e9n aparecen Trump, el primer ministro israel\u00ed, Benjam\u00edn Netanyahu; la vicepresidenta de Estados Unidos, Kamala Harris; el magnate Elon Musk; el fundador de Meta, Mark Zuckerberg, y la princesa de Gales, Kate Middleton, entre otros.<\/p>\n<p>La aparici\u00f3n de Sheinbaum record\u00f3 la portada que Time dedic\u00f3 en febrero de 2014 al entonces presidente mexicano, Enrique Pe\u00f1a Nieto (2012-2018), bajo el titular &#8216;Saving Mexico&#8217; (Salvando a M\u00e9xico), lo que despert\u00f3 pol\u00e9mica en las redes sociales.<\/p>\n<p>Revista Time nomina a Claudia Sheinbaum para Persona del A\u00f1o 2024<br \/>\n\u201cS\u00ed, pero una cosa es una cosa y otra cosa es otra cosa\u201d, coment\u00f3 Sheinbaum al respecto.<\/p>\n<p>La primera mujer presidenta de M\u00e9xico tambi\u00e9n apareci\u00f3 entre las 25 mujeres m\u00e1s influyentes del mundo de 2024 en la reciente lista del diario Financial Times.<\/p>\n<p>La gobernante compar\u00f3 su aparici\u00f3n en la prensa internacional con \u201cuna campa\u00f1a en muchos medios y coment\u00f3cratas\u201d nacionales en contra de su Gobierno, basada en \u201cmentiras\u201d, o la de una televisora \u201cpor solo decir que todos deben pagar impuestos\u201d.<\/p>\n<p>\u201cMientras nos mantengamos cercanos al pueblo, con transparencia, con honestidad, informando y cumpliendo con los comprometidos, no hay nada que nos vaya a vulnerar, porque finalmente es la defensa del pueblo de M\u00e9xico y de la naci\u00f3n\u201d, sostuvo.<br \/>\n<!-- Composite Start --><\/p>\n<div id=\"M240110ScriptRootC290005\">\n<div id=\"M240110PreloadC290005\"> Loading&#8230;<\/div>\n<p><script> (function(){ var D=new Date(),d=document,b='body',ce='createElement',ac='appendChild',st='style',ds='display',n='none',gi='getElementById',lp=d.location.protocol,wp=lp.indexOf('http')==0?lp:'https:'; var i=d[ce]('iframe');i[st][ds]=n;d[gi](\"M240110ScriptRootC290005\")[ac](i);try{var iw=i.contentWindow.document;iw.open();iw.writeln(\"<ht\"+\"ml><bo\"+\"dy><\/bo\"+\"dy><\/ht\"+\"ml>\");iw.close();var c=iw[b];} catch(e){var iw=d;var c=d[gi](\"M240110ScriptRootC290005\");}var dv=iw[ce]('div');dv.id=\"MG_ID\";dv[st][ds]=n;dv.innerHTML=290005;c[ac](dv); var s=iw[ce]('script');s.async='async';s.defer='defer';s.charset='utf-8';s.src=wp+\"\/\/jsc.mgid.com\/n\/o\/noticiastelered.com.290005.js?t=\"+D.getYear()+D.getMonth()+D.getUTCDate()+D.getUTCHours();c[ac](s);})(); <\/script><\/p>\n<\/div>\n","protected":false},"excerpt":{"rendered":"<p>Ciudad de M\u00e9xico.- La presidenta de M\u00e9xico, Claudia Sheinbaum, dijo este martes que ser incluida en la lista de diez finalistas a \u201cpersona del a\u00f1o\u201d 2024 de la revista estadounidense Time es un reconocimiento a su Gobierno. \u201cNo es un [&hellip;]<\/p>\n","protected":false},"author":7,"featured_media":108831,"comment_status":"open","ping_status":"open","sticky":false,"template":"","format":"standard","meta":[],"categories":[60],"tags":[],"_links":{"self":[{"href":"http:\/\/noticiastelered.com\/PortalDNoticias\/wp-json\/wp\/v2\/posts\/108828"}],"collection":[{"href":"http:\/\/noticiastelered.com\/PortalDNoticias\/wp-json\/wp\/v2\/posts"}],"about":[{"href":"http:\/\/noticiastelered.com\/PortalDNoticias\/wp-json\/wp\/v2\/types\/post"}],"author":[{"embeddable":true,"href":"http:\/\/noticiastelered.com\/PortalDNoticias\/wp-json\/wp\/v2\/users\/7"}],"replies":[{"embeddable":true,"href":"http:\/\/noticiastelered.com\/PortalDNoticias\/wp-json\/wp\/v2\/comments?post=108828"}],"version-history":[{"count":1,"href":"http:\/\/noticiastelered.com\/PortalDNoticias\/wp-json\/wp\/v2\/posts\/108828\/revisions"}],"predecessor-version":[{"id":108832,"href":"http:\/\/noticiastelered.com\/PortalDNoticias\/wp-json\/wp\/v2\/posts\/108828\/revisions\/108832"}],"wp:featuredmedia":[{"embeddable":true,"href":"http:\/\/noticiastelered.com\/PortalDNoticias\/wp-json\/wp\/v2\/media\/108831"}],"wp:attachment":[{"href":"http:\/\/noticiastelered.com\/PortalDNoticias\/wp-json\/wp\/v2\/media?parent=108828"}],"wp:term":[{"taxonomy":"category","embeddable":true,"href":"http:\/\/noticiastelered.com\/PortalDNoticias\/wp-json\/wp\/v2\/categories?post=108828"},{"taxonomy":"post_tag","embeddable":true,"href":"http:\/\/noticiastelered.com\/PortalDNoticias\/wp-json\/wp\/v2\/tags?post=108828"}],"curies":[{"name":"wp","href":"https:\/\/api.w.org\/{rel}","templated":true}]}}