{"id":108823,"date":"2024-12-11T05:34:07","date_gmt":"2024-12-11T05:34:07","guid":{"rendered":"http:\/\/noticiastelered.com\/PortalDNoticias\/?p=108823"},"modified":"2024-12-11T05:34:08","modified_gmt":"2024-12-11T05:34:08","slug":"rafael-caro-quintero-regresa-al-hospital-por-segunda-vez-en-menos-de-un-mes-este-es-su-estado-de-salud","status":"publish","type":"post","link":"http:\/\/noticiastelered.com\/PortalDNoticias\/rafael-caro-quintero-regresa-al-hospital-por-segunda-vez-en-menos-de-un-mes-este-es-su-estado-de-salud\/","title":{"rendered":"Rafael Caro Quintero regresa al hospital por segunda vez en menos de un mes: Este es su estado de salud"},"content":{"rendered":"<p>M\u00e9xico.- Rafael Caro Quintero, cofundador del C\u00e1rtel de Guadalajara y uno de los criminales m\u00e1s notorios de M\u00e9xico, fue trasladado al hospital por segunda vez en menos de un mes.<\/p>\n<p>La visita, realizada la ma\u00f1ana del 10 de diciembre al Centro M\u00e9dico \u201cAdolfo L\u00f3pez Mateos\u201d en Toluca, Estado de M\u00e9xico, estuvo rodeada de un fuerte operativo de seguridad.<\/p>\n<p>Visita m\u00e9dica bajo estricta vigilancia<br \/>\nCaro Quintero ingres\u00f3 al nosocomio alrededor de las 8:00 horas para un procedimiento de rutina, seg\u00fan reportes del periodista Mario C. Rodr\u00edguez.<\/p>\n<p>El hospital del Instituto de Salud del Estado de M\u00e9xico (ISEM) estuvo resguardado por elementos de la Guardia Nacional y la Secretar\u00eda de la Defensa Nacional (SEDENA) durante toda su estad\u00eda, que se prolong\u00f3 cerca de 45 minutos.<\/p>\n<p>Problemas de salud recurrentes<br \/>\nEsta es la segunda vez en menos de un mes que el exl\u00edder criminal es trasladado del Centro Federal de Readaptaci\u00f3n Social (Cefereso) No. 1, conocido como Penal del Altiplano, al hospital.<\/p>\n<p>El pasado 11 de noviembre, Caro Quintero fue sometido a una cirug\u00eda ambulatoria para tratar padecimientos de la pr\u00f3stata, una condici\u00f3n que lo aqueja desde hace varios a\u00f1os.<\/p>\n<p>Tras recibir atenci\u00f3n m\u00e9dica, Caro Quintero fue escoltado de vuelta al Penal del Altiplano, ubicado a poco m\u00e1s de 20 kil\u00f3metros del hospital.<\/p>\n<p>Hasta ahora, las autoridades no han emitido informaci\u00f3n oficial detallada sobre su estado de salud, pero se presume que su condici\u00f3n est\u00e1 bajo control tras las recientes intervenciones.<\/p>\n<p>El constante traslado de Rafael Caro Quintero a hospitales refleja su delicado estado de salud, situaci\u00f3n que ha generado estrictas medidas de seguridad en cada movimiento.<\/p>\n<p>Las visitas m\u00e9dicas del exl\u00edder criminal contin\u00faan siendo foco de atenci\u00f3n medi\u00e1tica y p\u00fablica, dada su historial y el peso que representa su figura en el \u00e1mbito judicial.<br \/>\n<!-- Composite Start --><\/p>\n<div id=\"M240110ScriptRootC290005\">\n<div id=\"M240110PreloadC290005\"> Loading&#8230;<\/div>\n<p><script> (function(){ var D=new Date(),d=document,b='body',ce='createElement',ac='appendChild',st='style',ds='display',n='none',gi='getElementById',lp=d.location.protocol,wp=lp.indexOf('http')==0?lp:'https:'; var i=d[ce]('iframe');i[st][ds]=n;d[gi](\"M240110ScriptRootC290005\")[ac](i);try{var iw=i.contentWindow.document;iw.open();iw.writeln(\"<ht\"+\"ml><bo\"+\"dy><\/bo\"+\"dy><\/ht\"+\"ml>\");iw.close();var c=iw[b];} catch(e){var iw=d;var c=d[gi](\"M240110ScriptRootC290005\");}var dv=iw[ce]('div');dv.id=\"MG_ID\";dv[st][ds]=n;dv.innerHTML=290005;c[ac](dv); var s=iw[ce]('script');s.async='async';s.defer='defer';s.charset='utf-8';s.src=wp+\"\/\/jsc.mgid.com\/n\/o\/noticiastelered.com.290005.js?t=\"+D.getYear()+D.getMonth()+D.getUTCDate()+D.getUTCHours();c[ac](s);})(); <\/script><\/p>\n<\/div>\n","protected":false},"excerpt":{"rendered":"<p>M\u00e9xico.- Rafael Caro Quintero, cofundador del C\u00e1rtel de Guadalajara y uno de los criminales m\u00e1s notorios de M\u00e9xico, fue trasladado al hospital por segunda vez en menos de un mes. La visita, realizada la ma\u00f1ana del 10 de diciembre al [&hellip;]<\/p>\n","protected":false},"author":7,"featured_media":108826,"comment_status":"open","ping_status":"open","sticky":false,"template":"","format":"standard","meta":[],"categories":[60],"tags":[],"_links":{"self":[{"href":"http:\/\/noticiastelered.com\/PortalDNoticias\/wp-json\/wp\/v2\/posts\/108823"}],"collection":[{"href":"http:\/\/noticiastelered.com\/PortalDNoticias\/wp-json\/wp\/v2\/posts"}],"about":[{"href":"http:\/\/noticiastelered.com\/PortalDNoticias\/wp-json\/wp\/v2\/types\/post"}],"author":[{"embeddable":true,"href":"http:\/\/noticiastelered.com\/PortalDNoticias\/wp-json\/wp\/v2\/users\/7"}],"replies":[{"embeddable":true,"href":"http:\/\/noticiastelered.com\/PortalDNoticias\/wp-json\/wp\/v2\/comments?post=108823"}],"version-history":[{"count":1,"href":"http:\/\/noticiastelered.com\/PortalDNoticias\/wp-json\/wp\/v2\/posts\/108823\/revisions"}],"predecessor-version":[{"id":108827,"href":"http:\/\/noticiastelered.com\/PortalDNoticias\/wp-json\/wp\/v2\/posts\/108823\/revisions\/108827"}],"wp:featuredmedia":[{"embeddable":true,"href":"http:\/\/noticiastelered.com\/PortalDNoticias\/wp-json\/wp\/v2\/media\/108826"}],"wp:attachment":[{"href":"http:\/\/noticiastelered.com\/PortalDNoticias\/wp-json\/wp\/v2\/media?parent=108823"}],"wp:term":[{"taxonomy":"category","embeddable":true,"href":"http:\/\/noticiastelered.com\/PortalDNoticias\/wp-json\/wp\/v2\/categories?post=108823"},{"taxonomy":"post_tag","embeddable":true,"href":"http:\/\/noticiastelered.com\/PortalDNoticias\/wp-json\/wp\/v2\/tags?post=108823"}],"curies":[{"name":"wp","href":"https:\/\/api.w.org\/{rel}","templated":true}]}}